{"id":78,"date":"2021-06-15T15:56:49","date_gmt":"2021-06-15T15:56:49","guid":{"rendered":"https:\/\/luftschloss-dettingen.de\/?p=78"},"modified":"2021-06-15T15:56:51","modified_gmt":"2021-06-15T15:56:51","slug":"happy-month-day","status":"publish","type":"post","link":"https:\/\/luftschloss-dettingen.de\/?p=78","title":{"rendered":"Happy Month Day"},"content":{"rendered":"\n<p>Heute monatet sich unser Er\u00f6ffnungstermin. Was ist nicht alles in diesen vier Wochen gewesen. Gewitterst\u00fcrme, \u00d6ffnungsschritt mit 3G, Regen aus dem Nichts, Sommertage aus dem Nichts, Hitzewelle, Inzidenzen unter 35 und damit endlich die Er\u00f6ffnung ohne alles (au\u00dfer AHA) drau\u00dfen. Viele Menschen mit fr\u00f6hlichem Feedback, Eis in rohen Mengen und Freude \u00fcber den neuen-alten Treffpunkt im Zentrum Dettingens. So viel positive R\u00fcckmeldung macht Spa\u00df und zerstreut die Unsicherheit, die mit einer solchen Entscheidung in diesen Zeiten einhergeht.&nbsp;<\/p>\n\n\n\n<p>Was haben wir gelernt? Schoko-Keks ist noch immer Top-Eissorte bei den Kunden, Chai Latte (frisch aufgebr\u00fcht) ist der \u00dcberraschungshit und alle Kunden sind so gl\u00fccklich, dass sie sich brav an die AHA-Regeln halten. Wir merken, dass die Idee und das Konzept, mit der B\u00fccherei gemeinsam in einem Raum zu sein bisher hervorragend ankommt und funktioniert. Noch sind die Laufwege f\u00fcr manche noch neu, auch die \u00d6ffnungszeiten sind obwohl nahezu gleich noch irritierend (Warum hat die B\u00fccherei nicht auf, wenn doch das Caf\u00e9 ge\u00f6ffnet hat?). Und ich als \u201eBeauftragte f\u00fcr Innenausstattung\u201c durfte feststellen, dass der gew\u00e4hlte Stil sehr positiv aufgenommen wird.&nbsp;<\/p>\n\n\n\n<p>Der Start ist also gegl\u00fcckt, nun kommt der Beweis, dass wir Langstreckenl\u00e4ufer und keine Sprinter sind. T\u00e4glich kommen neue Elemente hinzu, alles entwickelt sich.&nbsp;<\/p>\n\n\n\n<p>Aktuelle Bilder und News findet Ihr immer auf unseren Social-Media Auftritten bei Instagram (<a href=\"https:\/\/www.google.de\/url?sa=t&amp;rct=j&amp;q=&amp;esrc=s&amp;source=web&amp;cd=&amp;ved=2ahUKEwi14pOb-5nxAhX2_rsIHe7fCXQQFjAAegQIAxAD&amp;url=https%3A%2F%2Fwww.instagram.com%2Fluftschlossdettingen%2F&amp;usg=AOvVaw3MoTYb3EE-zbt9cmws-Ssd\" data-type=\"URL\" data-id=\"https:\/\/www.google.de\/url?sa=t&amp;rct=j&amp;q=&amp;esrc=s&amp;source=web&amp;cd=&amp;ved=2ahUKEwi14pOb-5nxAhX2_rsIHe7fCXQQFjAAegQIAxAD&amp;url=https%3A%2F%2Fwww.instagram.com%2Fluftschlossdettingen%2F&amp;usg=AOvVaw3MoTYb3EE-zbt9cmws-Ssd\">luftschlossdettingen<\/a>) und Facebook (<a href=\"https:\/\/www.google.de\/url?sa=t&amp;rct=j&amp;q=&amp;esrc=s&amp;source=web&amp;cd=&amp;ved=2ahUKEwi14pOb-5nxAhX2_rsIHe7fCXQQFjADegQIBRAE&amp;url=https%3A%2F%2Fwww.facebook.com%2FLuftschlossDettingen-105184604908892%2Fposts&amp;usg=AOvVaw37ZRHPR8YO7q3pm_sFuHjX\" data-type=\"URL\" data-id=\"https:\/\/www.google.de\/url?sa=t&amp;rct=j&amp;q=&amp;esrc=s&amp;source=web&amp;cd=&amp;ved=2ahUKEwi14pOb-5nxAhX2_rsIHe7fCXQQFjADegQIBRAE&amp;url=https%3A%2F%2Fwww.facebook.com%2FLuftschlossDettingen-105184604908892%2Fposts&amp;usg=AOvVaw37ZRHPR8YO7q3pm_sFuHjX\">Luftschloss.Dettingen<\/a>).<\/p>\n\n\n\n<figure class=\"wp-block-image size-large\"><img decoding=\"async\" loading=\"lazy\" width=\"1024\" height=\"1021\" src=\"https:\/\/luftschloss-dettingen.de\/wp-content\/uploads\/2021\/06\/1296798F-6E46-428A-85A7-8B55457E987B-1024x1021.jpeg\" alt=\"\" class=\"wp-image-80\" srcset=\"https:\/\/luftschloss-dettingen.de\/wp-content\/uploads\/2021\/06\/1296798F-6E46-428A-85A7-8B55457E987B-1024x1021.jpeg 1024w, https:\/\/luftschloss-dettingen.de\/wp-content\/uploads\/2021\/06\/1296798F-6E46-428A-85A7-8B55457E987B-300x300.jpeg 300w, https:\/\/luftschloss-dettingen.de\/wp-content\/uploads\/2021\/06\/1296798F-6E46-428A-85A7-8B55457E987B-150x150.jpeg 150w, https:\/\/luftschloss-dettingen.de\/wp-content\/uploads\/2021\/06\/1296798F-6E46-428A-85A7-8B55457E987B-768x766.jpeg 768w, https:\/\/luftschloss-dettingen.de\/wp-content\/uploads\/2021\/06\/1296798F-6E46-428A-85A7-8B55457E987B-1536x1532.jpeg 1536w, https:\/\/luftschloss-dettingen.de\/wp-content\/uploads\/2021\/06\/1296798F-6E46-428A-85A7-8B55457E987B-2048x2043.jpeg 2048w, https:\/\/luftschloss-dettingen.de\/wp-content\/uploads\/2021\/06\/1296798F-6E46-428A-85A7-8B55457E987B-180x180.jpeg 180w\" sizes=\"(max-width: 1024px) 100vw, 1024px\" \/><figcaption>Freifl\u00e4che vor der Kirche<\/figcaption><\/figure>\n\n\n\n<figure class=\"wp-block-image size-large\"><img decoding=\"async\" loading=\"lazy\" width=\"1024\" height=\"768\" src=\"https:\/\/luftschloss-dettingen.de\/wp-content\/uploads\/2021\/06\/17A447F5-4897-4A6B-AE33-100EAD2604B7-1024x768.jpeg\" alt=\"\" class=\"wp-image-81\" srcset=\"https:\/\/luftschloss-dettingen.de\/wp-content\/uploads\/2021\/06\/17A447F5-4897-4A6B-AE33-100EAD2604B7-1024x768.jpeg 1024w, https:\/\/luftschloss-dettingen.de\/wp-content\/uploads\/2021\/06\/17A447F5-4897-4A6B-AE33-100EAD2604B7-300x225.jpeg 300w, https:\/\/luftschloss-dettingen.de\/wp-content\/uploads\/2021\/06\/17A447F5-4897-4A6B-AE33-100EAD2604B7-768x576.jpeg 768w, https:\/\/luftschloss-dettingen.de\/wp-content\/uploads\/2021\/06\/17A447F5-4897-4A6B-AE33-100EAD2604B7-1536x1152.jpeg 1536w, https:\/\/luftschloss-dettingen.de\/wp-content\/uploads\/2021\/06\/17A447F5-4897-4A6B-AE33-100EAD2604B7-2048x1536.jpeg 2048w\" sizes=\"(max-width: 1024px) 100vw, 1024px\" \/><figcaption>Kleiner Sitzplatz im Garten<\/figcaption><\/figure>\n\n\n\n<figure class=\"wp-block-image size-large\"><img decoding=\"async\" loading=\"lazy\" width=\"1024\" height=\"1024\" src=\"https:\/\/luftschloss-dettingen.de\/wp-content\/uploads\/2021\/06\/F104C36E-8A0A-412B-8572-493CFA1445C1-1024x1024.jpeg\" alt=\"\" class=\"wp-image-83\" srcset=\"https:\/\/luftschloss-dettingen.de\/wp-content\/uploads\/2021\/06\/F104C36E-8A0A-412B-8572-493CFA1445C1-1024x1024.jpeg 1024w, https:\/\/luftschloss-dettingen.de\/wp-content\/uploads\/2021\/06\/F104C36E-8A0A-412B-8572-493CFA1445C1-300x300.jpeg 300w, https:\/\/luftschloss-dettingen.de\/wp-content\/uploads\/2021\/06\/F104C36E-8A0A-412B-8572-493CFA1445C1-150x150.jpeg 150w, https:\/\/luftschloss-dettingen.de\/wp-content\/uploads\/2021\/06\/F104C36E-8A0A-412B-8572-493CFA1445C1-768x768.jpeg 768w, https:\/\/luftschloss-dettingen.de\/wp-content\/uploads\/2021\/06\/F104C36E-8A0A-412B-8572-493CFA1445C1-1536x1536.jpeg 1536w, https:\/\/luftschloss-dettingen.de\/wp-content\/uploads\/2021\/06\/F104C36E-8A0A-412B-8572-493CFA1445C1-2048x2048.jpeg 2048w, https:\/\/luftschloss-dettingen.de\/wp-content\/uploads\/2021\/06\/F104C36E-8A0A-412B-8572-493CFA1445C1-180x180.jpeg 180w\" sizes=\"(max-width: 1024px) 100vw, 1024px\" \/><figcaption>Blumendeko im Gastraum aus unserem Garten<\/figcaption><\/figure>\n\n\n\n<figure class=\"wp-block-image size-large\"><img decoding=\"async\" loading=\"lazy\" width=\"1024\" height=\"1024\" src=\"https:\/\/luftschloss-dettingen.de\/wp-content\/uploads\/2021\/06\/6242FD28-2F43-44AE-8D53-6D62265A8780-1024x1024.jpeg\" alt=\"\" class=\"wp-image-84\" srcset=\"https:\/\/luftschloss-dettingen.de\/wp-content\/uploads\/2021\/06\/6242FD28-2F43-44AE-8D53-6D62265A8780-1024x1024.jpeg 1024w, https:\/\/luftschloss-dettingen.de\/wp-content\/uploads\/2021\/06\/6242FD28-2F43-44AE-8D53-6D62265A8780-300x300.jpeg 300w, https:\/\/luftschloss-dettingen.de\/wp-content\/uploads\/2021\/06\/6242FD28-2F43-44AE-8D53-6D62265A8780-150x150.jpeg 150w, https:\/\/luftschloss-dettingen.de\/wp-content\/uploads\/2021\/06\/6242FD28-2F43-44AE-8D53-6D62265A8780-768x768.jpeg 768w, https:\/\/luftschloss-dettingen.de\/wp-content\/uploads\/2021\/06\/6242FD28-2F43-44AE-8D53-6D62265A8780-1536x1536.jpeg 1536w, https:\/\/luftschloss-dettingen.de\/wp-content\/uploads\/2021\/06\/6242FD28-2F43-44AE-8D53-6D62265A8780-2048x2048.jpeg 2048w, https:\/\/luftschloss-dettingen.de\/wp-content\/uploads\/2021\/06\/6242FD28-2F43-44AE-8D53-6D62265A8780-180x180.jpeg 180w\" sizes=\"(max-width: 1024px) 100vw, 1024px\" \/><figcaption>Eiskaffee <\/figcaption><\/figure>\n\n\n\n<figure class=\"wp-block-image size-large\"><img decoding=\"async\" loading=\"lazy\" width=\"768\" height=\"1024\" src=\"https:\/\/luftschloss-dettingen.de\/wp-content\/uploads\/2021\/06\/8758FA4B-AD95-4C5F-867A-CA80A087F72D-768x1024.jpeg\" alt=\"\" class=\"wp-image-82\" srcset=\"https:\/\/luftschloss-dettingen.de\/wp-content\/uploads\/2021\/06\/8758FA4B-AD95-4C5F-867A-CA80A087F72D-768x1024.jpeg 768w, https:\/\/luftschloss-dettingen.de\/wp-content\/uploads\/2021\/06\/8758FA4B-AD95-4C5F-867A-CA80A087F72D-225x300.jpeg 225w, https:\/\/luftschloss-dettingen.de\/wp-content\/uploads\/2021\/06\/8758FA4B-AD95-4C5F-867A-CA80A087F72D-1152x1536.jpeg 1152w, https:\/\/luftschloss-dettingen.de\/wp-content\/uploads\/2021\/06\/8758FA4B-AD95-4C5F-867A-CA80A087F72D-1536x2048.jpeg 1536w, https:\/\/luftschloss-dettingen.de\/wp-content\/uploads\/2021\/06\/8758FA4B-AD95-4C5F-867A-CA80A087F72D-scaled.jpeg 1920w\" sizes=\"(max-width: 768px) 100vw, 768px\" \/><figcaption>Laktosefreie Eisschokolade<\/figcaption><\/figure>\n\n\n\n<figure class=\"wp-block-image size-large\"><img decoding=\"async\" loading=\"lazy\" width=\"768\" height=\"1024\" src=\"https:\/\/luftschloss-dettingen.de\/wp-content\/uploads\/2021\/06\/99D61673-98B8-4062-A08F-3B80C524476D-768x1024.jpeg\" alt=\"\" class=\"wp-image-85\" srcset=\"https:\/\/luftschloss-dettingen.de\/wp-content\/uploads\/2021\/06\/99D61673-98B8-4062-A08F-3B80C524476D-768x1024.jpeg 768w, https:\/\/luftschloss-dettingen.de\/wp-content\/uploads\/2021\/06\/99D61673-98B8-4062-A08F-3B80C524476D-225x300.jpeg 225w, https:\/\/luftschloss-dettingen.de\/wp-content\/uploads\/2021\/06\/99D61673-98B8-4062-A08F-3B80C524476D-1152x1536.jpeg 1152w, https:\/\/luftschloss-dettingen.de\/wp-content\/uploads\/2021\/06\/99D61673-98B8-4062-A08F-3B80C524476D-1536x2048.jpeg 1536w, https:\/\/luftschloss-dettingen.de\/wp-content\/uploads\/2021\/06\/99D61673-98B8-4062-A08F-3B80C524476D-scaled.jpeg 1920w\" sizes=\"(max-width: 768px) 100vw, 768px\" \/><figcaption>Immer wieder gelingt das Schaumherz<\/figcaption><\/figure>\n","protected":false},"excerpt":{"rendered":"<p>Heute monatet sich unser Er\u00f6ffnungstermin. Was ist nicht alles in diesen vier Wochen gewesen. Gewitterst\u00fcrme, \u00d6ffnungsschritt mit 3G, Regen aus dem Nichts, Sommertage aus dem Nichts, Hitzewelle, Inzidenzen unter 35 und damit endlich die Er\u00f6ffnung ohne alles (au\u00dfer AHA) drau\u00dfen. Viele Menschen mit fr\u00f6hlichem Feedback, Eis in rohen Mengen und Freude \u00fcber den neuen-alten Treffpunkt&hellip; <a href=\"https:\/\/luftschloss-dettingen.de\/?p=78\" class=\"more-link\">Weiterlesen <span class=\"screen-reader-text\">Happy Month Day<\/span><\/a><\/p>\n","protected":false},"author":1,"featured_media":79,"comment_status":"open","ping_status":"open","sticky":false,"template":"","format":"standard","meta":[],"categories":[1],"tags":[16,17,15],"_links":{"self":[{"href":"https:\/\/luftschloss-dettingen.de\/index.php?rest_route=\/wp\/v2\/posts\/78"}],"collection":[{"href":"https:\/\/luftschloss-dettingen.de\/index.php?rest_route=\/wp\/v2\/posts"}],"about":[{"href":"https:\/\/luftschloss-dettingen.de\/index.php?rest_route=\/wp\/v2\/types\/post"}],"author":[{"embeddable":true,"href":"https:\/\/luftschloss-dettingen.de\/index.php?rest_route=\/wp\/v2\/users\/1"}],"replies":[{"embeddable":true,"href":"https:\/\/luftschloss-dettingen.de\/index.php?rest_route=%2Fwp%2Fv2%2Fcomments&post=78"}],"version-history":[{"count":1,"href":"https:\/\/luftschloss-dettingen.de\/index.php?rest_route=\/wp\/v2\/posts\/78\/revisions"}],"predecessor-version":[{"id":86,"href":"https:\/\/luftschloss-dettingen.de\/index.php?rest_route=\/wp\/v2\/posts\/78\/revisions\/86"}],"wp:featuredmedia":[{"embeddable":true,"href":"https:\/\/luftschloss-dettingen.de\/index.php?rest_route=\/wp\/v2\/media\/79"}],"wp:attachment":[{"href":"https:\/\/luftschloss-dettingen.de\/index.php?rest_route=%2Fwp%2Fv2%2Fmedia&parent=78"}],"wp:term":[{"taxonomy":"category","embeddable":true,"href":"https:\/\/luftschloss-dettingen.de\/index.php?rest_route=%2Fwp%2Fv2%2Fcategories&post=78"},{"taxonomy":"post_tag","embeddable":true,"href":"https:\/\/luftschloss-dettingen.de\/index.php?rest_route=%2Fwp%2Fv2%2Ftags&post=78"}],"curies":[{"name":"wp","href":"https:\/\/api.w.org\/{rel}","templated":true}]}}