{"id":673,"date":"2022-12-06T09:14:49","date_gmt":"2022-12-06T09:14:49","guid":{"rendered":"https:\/\/luftschloss-dettingen.de\/?p=673"},"modified":"2022-12-06T09:15:07","modified_gmt":"2022-12-06T09:15:07","slug":"samstags-fruehstuecke-bis-zur-schliessung","status":"publish","type":"post","link":"https:\/\/luftschloss-dettingen.de\/?p=673","title":{"rendered":"Samstags-Fr\u00fchst\u00fccke bis zur Schlie\u00dfung"},"content":{"rendered":"\n<p>Wie wunderbar: Bis zum 28.1.23 sind nur noch zwei einzel Fr\u00fcst\u00fccke am 14.1. und am 21.1.23 frei. Ansonsten sind alle Fr\u00fchst\u00fccke AM SAMSTAG ausgebucht. Daf\u00fcr sind viele Termine unter der Woche noch frei. Einfach unter dem Reiter <a rel=\"noreferrer noopener\" href=\"https:\/\/luftschloss-dettingen.de\/?page_id=103\" target=\"_blank\">SERVICE<\/a> die Termine pr\u00fcfen und das Formular ausf\u00fcllen und schon gibts lecker Fr\u00fchst\u00fcck. Wie w\u00e4re es zum Beispiel in den Tagen vor Weihnachten, wenn die Kinder schon Ferien haben?<\/p>\n\n\n\n<figure class=\"is-layout-flex wp-block-gallery-2 wp-block-gallery has-nested-images columns-default is-cropped\">\n<figure class=\"wp-block-image size-medium is-style-default\"><img decoding=\"async\" loading=\"lazy\" width=\"225\" height=\"300\" data-id=\"676\"  src=\"https:\/\/luftschloss-dettingen.de\/wp-content\/uploads\/2022\/12\/IMG_8546-225x300.jpg\" alt=\"\" class=\"wp-image-676\" srcset=\"https:\/\/luftschloss-dettingen.de\/wp-content\/uploads\/2022\/12\/IMG_8546-225x300.jpg 225w, https:\/\/luftschloss-dettingen.de\/wp-content\/uploads\/2022\/12\/IMG_8546-768x1024.jpg 768w, https:\/\/luftschloss-dettingen.de\/wp-content\/uploads\/2022\/12\/IMG_8546-1152x1536.jpg 1152w, https:\/\/luftschloss-dettingen.de\/wp-content\/uploads\/2022\/12\/IMG_8546-1536x2048.jpg 1536w, https:\/\/luftschloss-dettingen.de\/wp-content\/uploads\/2022\/12\/IMG_8546-scaled.jpg 1920w\" sizes=\"(max-width: 225px) 100vw, 225px\" \/><\/figure>\n\n\n\n<figure class=\"wp-block-image size-medium is-style-default\"><img decoding=\"async\" loading=\"lazy\" width=\"225\" height=\"300\" data-id=\"674\"  src=\"https:\/\/luftschloss-dettingen.de\/wp-content\/uploads\/2022\/12\/IMG_8400-225x300.jpg\" alt=\"\" class=\"wp-image-674\" srcset=\"https:\/\/luftschloss-dettingen.de\/wp-content\/uploads\/2022\/12\/IMG_8400-225x300.jpg 225w, https:\/\/luftschloss-dettingen.de\/wp-content\/uploads\/2022\/12\/IMG_8400-768x1024.jpg 768w, https:\/\/luftschloss-dettingen.de\/wp-content\/uploads\/2022\/12\/IMG_8400-1152x1536.jpg 1152w, https:\/\/luftschloss-dettingen.de\/wp-content\/uploads\/2022\/12\/IMG_8400-1536x2048.jpg 1536w, https:\/\/luftschloss-dettingen.de\/wp-content\/uploads\/2022\/12\/IMG_8400-scaled.jpg 1920w\" sizes=\"(max-width: 225px) 100vw, 225px\" \/><\/figure>\n\n\n\n<figure class=\"wp-block-image size-medium is-style-default\"><img decoding=\"async\" loading=\"lazy\" width=\"225\" height=\"300\" data-id=\"677\"  src=\"https:\/\/luftschloss-dettingen.de\/wp-content\/uploads\/2022\/12\/IMG_8547-225x300.jpg\" alt=\"\" class=\"wp-image-677\" srcset=\"https:\/\/luftschloss-dettingen.de\/wp-content\/uploads\/2022\/12\/IMG_8547-225x300.jpg 225w, https:\/\/luftschloss-dettingen.de\/wp-content\/uploads\/2022\/12\/IMG_8547-768x1024.jpg 768w, https:\/\/luftschloss-dettingen.de\/wp-content\/uploads\/2022\/12\/IMG_8547-1152x1536.jpg 1152w, https:\/\/luftschloss-dettingen.de\/wp-content\/uploads\/2022\/12\/IMG_8547-1536x2048.jpg 1536w, https:\/\/luftschloss-dettingen.de\/wp-content\/uploads\/2022\/12\/IMG_8547-scaled.jpg 1920w\" sizes=\"(max-width: 225px) 100vw, 225px\" \/><\/figure>\n<\/figure>\n","protected":false},"excerpt":{"rendered":"<p>Wie wunderbar: Bis zum 28.1.23 sind nur noch zwei einzel Fr\u00fcst\u00fccke am 14.1. und am 21.1.23 frei. Ansonsten sind alle Fr\u00fchst\u00fccke AM SAMSTAG ausgebucht. Daf\u00fcr sind viele Termine unter der Woche noch frei. Einfach unter dem Reiter SERVICE die Termine pr\u00fcfen und das Formular ausf\u00fcllen und schon gibts lecker Fr\u00fchst\u00fcck. Wie w\u00e4re es zum Beispiel&hellip; <a href=\"https:\/\/luftschloss-dettingen.de\/?p=673\" class=\"more-link\">Weiterlesen <span class=\"screen-reader-text\">Samstags-Fr\u00fchst\u00fccke bis zur Schlie\u00dfung<\/span><\/a><\/p>\n","protected":false},"author":1,"featured_media":0,"comment_status":"open","ping_status":"open","sticky":false,"template":"","format":"standard","meta":[],"categories":[1],"tags":[],"_links":{"self":[{"href":"https:\/\/luftschloss-dettingen.de\/index.php?rest_route=\/wp\/v2\/posts\/673"}],"collection":[{"href":"https:\/\/luftschloss-dettingen.de\/index.php?rest_route=\/wp\/v2\/posts"}],"about":[{"href":"https:\/\/luftschloss-dettingen.de\/index.php?rest_route=\/wp\/v2\/types\/post"}],"author":[{"embeddable":true,"href":"https:\/\/luftschloss-dettingen.de\/index.php?rest_route=\/wp\/v2\/users\/1"}],"replies":[{"embeddable":true,"href":"https:\/\/luftschloss-dettingen.de\/index.php?rest_route=%2Fwp%2Fv2%2Fcomments&post=673"}],"version-history":[{"count":2,"href":"https:\/\/luftschloss-dettingen.de\/index.php?rest_route=\/wp\/v2\/posts\/673\/revisions"}],"predecessor-version":[{"id":679,"href":"https:\/\/luftschloss-dettingen.de\/index.php?rest_route=\/wp\/v2\/posts\/673\/revisions\/679"}],"wp:attachment":[{"href":"https:\/\/luftschloss-dettingen.de\/index.php?rest_route=%2Fwp%2Fv2%2Fmedia&parent=673"}],"wp:term":[{"taxonomy":"category","embeddable":true,"href":"https:\/\/luftschloss-dettingen.de\/index.php?rest_route=%2Fwp%2Fv2%2Fcategories&post=673"},{"taxonomy":"post_tag","embeddable":true,"href":"https:\/\/luftschloss-dettingen.de\/index.php?rest_route=%2Fwp%2Fv2%2Ftags&post=673"}],"curies":[{"name":"wp","href":"https:\/\/api.w.org\/{rel}","templated":true}]}}