{"id":486,"date":"2022-09-08T14:37:27","date_gmt":"2022-09-08T14:37:27","guid":{"rendered":"https:\/\/luftschloss-dettingen.de\/?p=486"},"modified":"2022-09-08T16:28:59","modified_gmt":"2022-09-08T16:28:59","slug":"strassenfest-10-und-11-september-2022","status":"publish","type":"post","link":"https:\/\/luftschloss-dettingen.de\/?p=486","title":{"rendered":"Stra\u00dfenfest 10. und 11. September 2022"},"content":{"rendered":"\n<figure class=\"wp-block-image size-medium\"><img decoding=\"async\" loading=\"lazy\" width=\"255\" height=\"300\" src=\"https:\/\/luftschloss-dettingen.de\/wp-content\/uploads\/2022\/09\/8126475F-B776-4CE6-AD0B-9262FA62E815-255x300.jpeg\" alt=\"\" class=\"wp-image-488\" srcset=\"https:\/\/luftschloss-dettingen.de\/wp-content\/uploads\/2022\/09\/8126475F-B776-4CE6-AD0B-9262FA62E815-255x300.jpeg 255w, https:\/\/luftschloss-dettingen.de\/wp-content\/uploads\/2022\/09\/8126475F-B776-4CE6-AD0B-9262FA62E815-872x1024.jpeg 872w, https:\/\/luftschloss-dettingen.de\/wp-content\/uploads\/2022\/09\/8126475F-B776-4CE6-AD0B-9262FA62E815-768x902.jpeg 768w, https:\/\/luftschloss-dettingen.de\/wp-content\/uploads\/2022\/09\/8126475F-B776-4CE6-AD0B-9262FA62E815.jpeg 1281w\" sizes=\"(max-width: 255px) 100vw, 255px\" \/><\/figure>\n\n\n\n<p>Wir sind nicht direkt beteiligt, freuen uns aber mit den Dettinger Vereinen, dass es endlich wieder klappt. Das Stra\u00dfenfest hat Tradition, schon das Neunte Mal gibt es Essen, Getr\u00e4nke, Spiele, Spa\u00df, Musik und zum Beispiel die Feuerwehrfahrzeuge. <br>Wir haben am Samstag regul\u00e4r ge\u00f6ffnet: 10 bis 12:30 Uhr, in der B\u00fccherei ist um 10:30 Uhr wie immer Vorlesestunde.<\/p>\n\n\n\n<p><strong>Was ist anders?<\/strong><br>Unsere Kirchenterrasse wird bis Dienstag anders genutzt. Die Gartenterrasse ist um diese Tische erweitert. <br>Man kommt mit dem Auto nicht zum Caf\u00e9 und kann dementsprechend auch nicht hier parken. Die Schulstra\u00dfe und die Kirchstra\u00dfe sind nicht beparkbar, auch die Tiefgarage ist in der Zeit nicht benutzbar. Kommt gern mit den \u00d6ffentlichen, zu Fu\u00df oder mit dem Rad. Nicht nur zu uns, sondern nat\u00fcrlich auch zum Fest! <\/p>\n","protected":false},"excerpt":{"rendered":"<p>Wir sind nicht direkt beteiligt, freuen uns aber mit den Dettinger Vereinen, dass es endlich wieder klappt. Das Stra\u00dfenfest hat Tradition, schon das Neunte Mal gibt es Essen, Getr\u00e4nke, Spiele, Spa\u00df, Musik und zum Beispiel die Feuerwehrfahrzeuge. Wir haben am Samstag regul\u00e4r ge\u00f6ffnet: 10 bis 12:30 Uhr, in der B\u00fccherei ist um 10:30 Uhr wie&hellip; <a href=\"https:\/\/luftschloss-dettingen.de\/?p=486\" class=\"more-link\">Weiterlesen <span class=\"screen-reader-text\">Stra\u00dfenfest 10. und 11. September 2022<\/span><\/a><\/p>\n","protected":false},"author":1,"featured_media":0,"comment_status":"open","ping_status":"open","sticky":false,"template":"","format":"standard","meta":[],"categories":[1],"tags":[],"_links":{"self":[{"href":"https:\/\/luftschloss-dettingen.de\/index.php?rest_route=\/wp\/v2\/posts\/486"}],"collection":[{"href":"https:\/\/luftschloss-dettingen.de\/index.php?rest_route=\/wp\/v2\/posts"}],"about":[{"href":"https:\/\/luftschloss-dettingen.de\/index.php?rest_route=\/wp\/v2\/types\/post"}],"author":[{"embeddable":true,"href":"https:\/\/luftschloss-dettingen.de\/index.php?rest_route=\/wp\/v2\/users\/1"}],"replies":[{"embeddable":true,"href":"https:\/\/luftschloss-dettingen.de\/index.php?rest_route=%2Fwp%2Fv2%2Fcomments&post=486"}],"version-history":[{"count":2,"href":"https:\/\/luftschloss-dettingen.de\/index.php?rest_route=\/wp\/v2\/posts\/486\/revisions"}],"predecessor-version":[{"id":491,"href":"https:\/\/luftschloss-dettingen.de\/index.php?rest_route=\/wp\/v2\/posts\/486\/revisions\/491"}],"wp:attachment":[{"href":"https:\/\/luftschloss-dettingen.de\/index.php?rest_route=%2Fwp%2Fv2%2Fmedia&parent=486"}],"wp:term":[{"taxonomy":"category","embeddable":true,"href":"https:\/\/luftschloss-dettingen.de\/index.php?rest_route=%2Fwp%2Fv2%2Fcategories&post=486"},{"taxonomy":"post_tag","embeddable":true,"href":"https:\/\/luftschloss-dettingen.de\/index.php?rest_route=%2Fwp%2Fv2%2Ftags&post=486"}],"curies":[{"name":"wp","href":"https:\/\/api.w.org\/{rel}","templated":true}]}}