{"id":431,"date":"2022-05-05T09:04:25","date_gmt":"2022-05-05T09:04:25","guid":{"rendered":"https:\/\/luftschloss-dettingen.de\/?p=431"},"modified":"2022-05-05T09:04:27","modified_gmt":"2022-05-05T09:04:27","slug":"happy-birthday-to-us-tanti-auguri-a-noi-joyeux-anniversaire-alles-gute-fuer-uns","status":"publish","type":"post","link":"https:\/\/luftschloss-dettingen.de\/?p=431","title":{"rendered":"Happy Birthday to us! Tanti auguri a noi! Joyeux anniversaire! Alles Gute f\u00fcr uns!"},"content":{"rendered":"\n<p>Japp, am 15.5.21 haben das Caf\u00e9 Luftschloss und die Ortsb\u00fccherei Dettingen er\u00f6ffnet. Schon ein Jahr! Wow! WIe ist das bei Babies? Wir k\u00f6nnen mittlerweile laufen, erste Z\u00e4hne, wir fremdeln nicht, sondern sind offen f\u00fcr neue Menschen. Wir haben die volle Aufmerksamkeit unserer Eltern (also Tine Hahn und Maria H\u00e4fele) und sind \u00fcberrascht, wenn man uns noch nicht kennt. Wir kichern mit, wenn die anderen lachen, freuen uns an so viel Familien wie m\u00f6glich in unseren R\u00e4umen und im Garten. Wir haben Corona fast unbeschadet \u00fcberstanden, obwohl &#8211; oder weil? &#8211; wir noch so jung sind. Und wie macht man das, wenn man Geburtstag hat? <\/p>\n\n\n\n<p><strong><mark>Wir feiern!<\/mark><\/strong><\/p>\n\n\n\n<p>Am Samstag, 14.5.22, feiern wir von 10 bis 15 Uhr mit allen Feierwilligen. Ein M\u00e4rchenerz\u00e4hler entf\u00fchrt in Grimms M\u00e4rchen um 10:30 und 14:30 Uhr (bei gutem Wetter drau\u00dfen im Garten, bei Regen im Saal \u00fcber uns). Wir haben wunderbare Torten und Kuchen und ein Kombiangebot von 1 St\u00fcck Kuchen plus eine Tasse Kaffee f\u00fcr 5.\u2013\u20ac. Und dann gibt es noch unseren Malwettbewerb.<\/p>\n\n\n\n<figure class=\"is-layout-flex wp-block-gallery-2 wp-block-gallery columns-2\"><ul class=\"blocks-gallery-grid\"><li class=\"blocks-gallery-item\"><figure><img decoding=\"async\" loading=\"lazy\" width=\"300\" height=\"225\" src=\"https:\/\/luftschloss-dettingen.de\/wp-content\/uploads\/2022\/05\/Post_erster-Geburtstag_Malwettbewerb-300x225.jpg\" alt=\"\" data-id=\"432\" class=\"wp-image-432\" srcset=\"https:\/\/luftschloss-dettingen.de\/wp-content\/uploads\/2022\/05\/Post_erster-Geburtstag_Malwettbewerb-300x225.jpg 300w, https:\/\/luftschloss-dettingen.de\/wp-content\/uploads\/2022\/05\/Post_erster-Geburtstag_Malwettbewerb-1024x768.jpg 1024w, https:\/\/luftschloss-dettingen.de\/wp-content\/uploads\/2022\/05\/Post_erster-Geburtstag_Malwettbewerb-768x576.jpg 768w, https:\/\/luftschloss-dettingen.de\/wp-content\/uploads\/2022\/05\/Post_erster-Geburtstag_Malwettbewerb-1536x1152.jpg 1536w, https:\/\/luftschloss-dettingen.de\/wp-content\/uploads\/2022\/05\/Post_erster-Geburtstag_Malwettbewerb-2048x1536.jpg 2048w\" sizes=\"(max-width: 300px) 100vw, 300px\" \/><\/figure><\/li><li class=\"blocks-gallery-item\"><figure><img decoding=\"async\" loading=\"lazy\" width=\"212\" height=\"300\" src=\"https:\/\/luftschloss-dettingen.de\/wp-content\/uploads\/2022\/05\/CL_Geburtstag2022_Plakat-212x300.jpg\" alt=\"\" data-id=\"433\" data-full-url=\"https:\/\/luftschloss-dettingen.de\/wp-content\/uploads\/2022\/05\/CL_Geburtstag2022_Plakat-scaled.jpg\" data-link=\"https:\/\/luftschloss-dettingen.de\/?attachment_id=433\" class=\"wp-image-433\" srcset=\"https:\/\/luftschloss-dettingen.de\/wp-content\/uploads\/2022\/05\/CL_Geburtstag2022_Plakat-212x300.jpg 212w, https:\/\/luftschloss-dettingen.de\/wp-content\/uploads\/2022\/05\/CL_Geburtstag2022_Plakat-724x1024.jpg 724w, https:\/\/luftschloss-dettingen.de\/wp-content\/uploads\/2022\/05\/CL_Geburtstag2022_Plakat-768x1086.jpg 768w, https:\/\/luftschloss-dettingen.de\/wp-content\/uploads\/2022\/05\/CL_Geburtstag2022_Plakat-1086x1536.jpg 1086w, https:\/\/luftschloss-dettingen.de\/wp-content\/uploads\/2022\/05\/CL_Geburtstag2022_Plakat-1448x2048.jpg 1448w, https:\/\/luftschloss-dettingen.de\/wp-content\/uploads\/2022\/05\/CL_Geburtstag2022_Plakat-scaled.jpg 1810w\" sizes=\"(max-width: 212px) 100vw, 212px\" \/><\/figure><\/li><\/ul><\/figure>\n\n\n\n<p><strong><mark>Malwettbewerb?<\/mark><\/strong><\/p>\n\n\n\n<p>&#8222;Was w\u00fcnscht ihr uns zum ersten Geburtstag?&#8220;, das ist die gro\u00dfe Frage. Und ihr d\u00fcrft sie visuell l\u00f6sen. Es winken zwei 5er Eisgutscheine und ein B\u00fcchereigutschein. <\/p>\n\n\n\n<p>Wir freuen uns auf Bilder aller Altersgruppen. Jeder darf mitmachen (au\u00dfer den Mitarbeitern beider Institutionen). Gewinne werden ausgelost, es geht also nicht um Motiv oder Sch\u00f6nheit, sondern ums dabei Sein. Abgeben bis 14.5.22 12 Uhr. Auf die R\u00fcckseite der Bilder bitte Namen und Kontaktm\u00f6glichkeit. Mit Abgabe der Werke willigt ihr ein, dass wir das Bild ausstellen d\u00fcrfen. Der Rechtsweg ist ausgeschlossen.<\/p>\n","protected":false},"excerpt":{"rendered":"<p>Japp, am 15.5.21 haben das Caf\u00e9 Luftschloss und die Ortsb\u00fccherei Dettingen er\u00f6ffnet. Schon ein Jahr! Wow! WIe ist das bei Babies? Wir k\u00f6nnen mittlerweile laufen, erste Z\u00e4hne, wir fremdeln nicht, sondern sind offen f\u00fcr neue Menschen. Wir haben die volle Aufmerksamkeit unserer Eltern (also Tine Hahn und Maria H\u00e4fele) und sind \u00fcberrascht, wenn man uns&hellip; <a href=\"https:\/\/luftschloss-dettingen.de\/?p=431\" class=\"more-link\">Weiterlesen <span class=\"screen-reader-text\">Happy Birthday to us! Tanti auguri a noi! Joyeux anniversaire! Alles Gute f\u00fcr uns!<\/span><\/a><\/p>\n","protected":false},"author":1,"featured_media":0,"comment_status":"open","ping_status":"open","sticky":false,"template":"","format":"standard","meta":[],"categories":[1],"tags":[],"_links":{"self":[{"href":"https:\/\/luftschloss-dettingen.de\/index.php?rest_route=\/wp\/v2\/posts\/431"}],"collection":[{"href":"https:\/\/luftschloss-dettingen.de\/index.php?rest_route=\/wp\/v2\/posts"}],"about":[{"href":"https:\/\/luftschloss-dettingen.de\/index.php?rest_route=\/wp\/v2\/types\/post"}],"author":[{"embeddable":true,"href":"https:\/\/luftschloss-dettingen.de\/index.php?rest_route=\/wp\/v2\/users\/1"}],"replies":[{"embeddable":true,"href":"https:\/\/luftschloss-dettingen.de\/index.php?rest_route=%2Fwp%2Fv2%2Fcomments&post=431"}],"version-history":[{"count":1,"href":"https:\/\/luftschloss-dettingen.de\/index.php?rest_route=\/wp\/v2\/posts\/431\/revisions"}],"predecessor-version":[{"id":434,"href":"https:\/\/luftschloss-dettingen.de\/index.php?rest_route=\/wp\/v2\/posts\/431\/revisions\/434"}],"wp:attachment":[{"href":"https:\/\/luftschloss-dettingen.de\/index.php?rest_route=%2Fwp%2Fv2%2Fmedia&parent=431"}],"wp:term":[{"taxonomy":"category","embeddable":true,"href":"https:\/\/luftschloss-dettingen.de\/index.php?rest_route=%2Fwp%2Fv2%2Fcategories&post=431"},{"taxonomy":"post_tag","embeddable":true,"href":"https:\/\/luftschloss-dettingen.de\/index.php?rest_route=%2Fwp%2Fv2%2Ftags&post=431"}],"curies":[{"name":"wp","href":"https:\/\/api.w.org\/{rel}","templated":true}]}}