{"id":428,"date":"2022-05-04T15:13:39","date_gmt":"2022-05-04T15:13:39","guid":{"rendered":"https:\/\/luftschloss-dettingen.de\/?p=428"},"modified":"2022-05-04T15:13:41","modified_gmt":"2022-05-04T15:13:41","slug":"infovortrag-kidz-konzept-am-13-5-2022","status":"publish","type":"post","link":"https:\/\/luftschloss-dettingen.de\/?p=428","title":{"rendered":"Infovortrag &#8222;KIDZ-Konzept&#8220; am 13.5.2022"},"content":{"rendered":"\n<div class=\"wp-block-image\"><figure class=\"aligncenter size-medium\"><img decoding=\"async\" loading=\"lazy\" width=\"212\" height=\"300\" src=\"https:\/\/luftschloss-dettingen.de\/wp-content\/uploads\/2022\/05\/CL_KIDZ-Konzept_Plakat-212x300.jpg\" alt=\"\" class=\"wp-image-429\" srcset=\"https:\/\/luftschloss-dettingen.de\/wp-content\/uploads\/2022\/05\/CL_KIDZ-Konzept_Plakat-212x300.jpg 212w, https:\/\/luftschloss-dettingen.de\/wp-content\/uploads\/2022\/05\/CL_KIDZ-Konzept_Plakat-724x1024.jpg 724w, https:\/\/luftschloss-dettingen.de\/wp-content\/uploads\/2022\/05\/CL_KIDZ-Konzept_Plakat-768x1086.jpg 768w, https:\/\/luftschloss-dettingen.de\/wp-content\/uploads\/2022\/05\/CL_KIDZ-Konzept_Plakat-1086x1536.jpg 1086w, https:\/\/luftschloss-dettingen.de\/wp-content\/uploads\/2022\/05\/CL_KIDZ-Konzept_Plakat.jpg 1240w\" sizes=\"(max-width: 212px) 100vw, 212px\" \/><\/figure><\/div>\n\n\n\n<p>Freitag, 13.5.22 ab 19 Uhr \u2013 freier Eintritt, um Voranmeldung wird gebeten, da die Teilnehmerzahl begrenzt ist.<\/p>\n\n\n\n<p>Stephan Kick (Verm\u00f6gensberater der DVAG) informiert \u00fcber Gesundheits- und Versicherungsfragen eurer Kinder, kl\u00e4rt \u00fcber M\u00f6glichkeiten der finanziellen Absicherung schon ab Geburt auf und gibt Anregungen, die finanzielle Kompetenz der Kleinen zu schulen. <\/p>\n\n\n\n<p>Voranmeldungen im Caf\u00e9 Luftschloss oder \u00fcber Stephan Kick.<\/p>\n","protected":false},"excerpt":{"rendered":"<p>Freitag, 13.5.22 ab 19 Uhr \u2013 freier Eintritt, um Voranmeldung wird gebeten, da die Teilnehmerzahl begrenzt ist. Stephan Kick (Verm\u00f6gensberater der DVAG) informiert \u00fcber Gesundheits- und Versicherungsfragen eurer Kinder, kl\u00e4rt \u00fcber M\u00f6glichkeiten der finanziellen Absicherung schon ab Geburt auf und gibt Anregungen, die finanzielle Kompetenz der Kleinen zu schulen. Voranmeldungen im Caf\u00e9 Luftschloss oder \u00fcber&hellip; <a href=\"https:\/\/luftschloss-dettingen.de\/?p=428\" class=\"more-link\">Weiterlesen <span class=\"screen-reader-text\">Infovortrag &#8222;KIDZ-Konzept&#8220; am 13.5.2022<\/span><\/a><\/p>\n","protected":false},"author":1,"featured_media":0,"comment_status":"open","ping_status":"open","sticky":false,"template":"","format":"standard","meta":[],"categories":[1],"tags":[],"_links":{"self":[{"href":"https:\/\/luftschloss-dettingen.de\/index.php?rest_route=\/wp\/v2\/posts\/428"}],"collection":[{"href":"https:\/\/luftschloss-dettingen.de\/index.php?rest_route=\/wp\/v2\/posts"}],"about":[{"href":"https:\/\/luftschloss-dettingen.de\/index.php?rest_route=\/wp\/v2\/types\/post"}],"author":[{"embeddable":true,"href":"https:\/\/luftschloss-dettingen.de\/index.php?rest_route=\/wp\/v2\/users\/1"}],"replies":[{"embeddable":true,"href":"https:\/\/luftschloss-dettingen.de\/index.php?rest_route=%2Fwp%2Fv2%2Fcomments&post=428"}],"version-history":[{"count":1,"href":"https:\/\/luftschloss-dettingen.de\/index.php?rest_route=\/wp\/v2\/posts\/428\/revisions"}],"predecessor-version":[{"id":430,"href":"https:\/\/luftschloss-dettingen.de\/index.php?rest_route=\/wp\/v2\/posts\/428\/revisions\/430"}],"wp:attachment":[{"href":"https:\/\/luftschloss-dettingen.de\/index.php?rest_route=%2Fwp%2Fv2%2Fmedia&parent=428"}],"wp:term":[{"taxonomy":"category","embeddable":true,"href":"https:\/\/luftschloss-dettingen.de\/index.php?rest_route=%2Fwp%2Fv2%2Fcategories&post=428"},{"taxonomy":"post_tag","embeddable":true,"href":"https:\/\/luftschloss-dettingen.de\/index.php?rest_route=%2Fwp%2Fv2%2Ftags&post=428"}],"curies":[{"name":"wp","href":"https:\/\/api.w.org\/{rel}","templated":true}]}}