{"id":400,"date":"2022-03-31T09:39:13","date_gmt":"2022-03-31T09:39:13","guid":{"rendered":"https:\/\/luftschloss-dettingen.de\/?p=400"},"modified":"2022-03-31T13:06:56","modified_gmt":"2022-03-31T13:06:56","slug":"verkaufsoffener-sonntag-3-4-2022","status":"publish","type":"post","link":"https:\/\/luftschloss-dettingen.de\/?p=400","title":{"rendered":"Verkaufsoffener Sonntag \u2013 3.4.2022"},"content":{"rendered":"\n<p>Wie auch im letzten Jahr findet auch in Dettingen am 3. April 2022 der Verkaufsoffene Sonntag statt. Von 12.30 bis 17 Uhr k\u00f6nnt Ihr im Caf\u00e9 und im Au\u00dfenbereich leckere Kuchen und unser frisches Eis genie\u00dfen. Nat\u00fcrlich auch zum Mitnehmen! <br>Als kleines Highlight lesen wir (bei gutem Wetter drau\u00dfen) eine viertel Stunde Kinderb\u00fccher vor. Um 14 Uhr und um 16 Uhr. <\/p>\n\n\n\n<figure class=\"wp-block-image size-medium is-style-default\"><img decoding=\"async\" loading=\"lazy\" width=\"212\" height=\"300\" src=\"https:\/\/luftschloss-dettingen.de\/wp-content\/uploads\/2022\/03\/CL_VerkaufsoffenerSonntag_03-22-212x300.jpg\" alt=\"\" class=\"wp-image-412\" srcset=\"https:\/\/luftschloss-dettingen.de\/wp-content\/uploads\/2022\/03\/CL_VerkaufsoffenerSonntag_03-22-212x300.jpg 212w, https:\/\/luftschloss-dettingen.de\/wp-content\/uploads\/2022\/03\/CL_VerkaufsoffenerSonntag_03-22-724x1024.jpg 724w, https:\/\/luftschloss-dettingen.de\/wp-content\/uploads\/2022\/03\/CL_VerkaufsoffenerSonntag_03-22-768x1086.jpg 768w, https:\/\/luftschloss-dettingen.de\/wp-content\/uploads\/2022\/03\/CL_VerkaufsoffenerSonntag_03-22-1086x1536.jpg 1086w, https:\/\/luftschloss-dettingen.de\/wp-content\/uploads\/2022\/03\/CL_VerkaufsoffenerSonntag_03-22.jpg 1240w\" sizes=\"(max-width: 212px) 100vw, 212px\" \/><\/figure>\n","protected":false},"excerpt":{"rendered":"<p>Wie auch im letzten Jahr findet auch in Dettingen am 3. April 2022 der Verkaufsoffene Sonntag statt. Von 12.30 bis 17 Uhr k\u00f6nnt Ihr im Caf\u00e9 und im Au\u00dfenbereich leckere Kuchen und unser frisches Eis genie\u00dfen. Nat\u00fcrlich auch zum Mitnehmen! Als kleines Highlight lesen wir (bei gutem Wetter drau\u00dfen) eine viertel Stunde Kinderb\u00fccher vor. Um&hellip; <a href=\"https:\/\/luftschloss-dettingen.de\/?p=400\" class=\"more-link\">Weiterlesen <span class=\"screen-reader-text\">Verkaufsoffener Sonntag \u2013 3.4.2022<\/span><\/a><\/p>\n","protected":false},"author":1,"featured_media":0,"comment_status":"open","ping_status":"open","sticky":false,"template":"","format":"standard","meta":[],"categories":[1],"tags":[],"_links":{"self":[{"href":"https:\/\/luftschloss-dettingen.de\/index.php?rest_route=\/wp\/v2\/posts\/400"}],"collection":[{"href":"https:\/\/luftschloss-dettingen.de\/index.php?rest_route=\/wp\/v2\/posts"}],"about":[{"href":"https:\/\/luftschloss-dettingen.de\/index.php?rest_route=\/wp\/v2\/types\/post"}],"author":[{"embeddable":true,"href":"https:\/\/luftschloss-dettingen.de\/index.php?rest_route=\/wp\/v2\/users\/1"}],"replies":[{"embeddable":true,"href":"https:\/\/luftschloss-dettingen.de\/index.php?rest_route=%2Fwp%2Fv2%2Fcomments&post=400"}],"version-history":[{"count":3,"href":"https:\/\/luftschloss-dettingen.de\/index.php?rest_route=\/wp\/v2\/posts\/400\/revisions"}],"predecessor-version":[{"id":413,"href":"https:\/\/luftschloss-dettingen.de\/index.php?rest_route=\/wp\/v2\/posts\/400\/revisions\/413"}],"wp:attachment":[{"href":"https:\/\/luftschloss-dettingen.de\/index.php?rest_route=%2Fwp%2Fv2%2Fmedia&parent=400"}],"wp:term":[{"taxonomy":"category","embeddable":true,"href":"https:\/\/luftschloss-dettingen.de\/index.php?rest_route=%2Fwp%2Fv2%2Fcategories&post=400"},{"taxonomy":"post_tag","embeddable":true,"href":"https:\/\/luftschloss-dettingen.de\/index.php?rest_route=%2Fwp%2Fv2%2Ftags&post=400"}],"curies":[{"name":"wp","href":"https:\/\/api.w.org\/{rel}","templated":true}]}}