{"id":380,"date":"2022-03-28T09:44:51","date_gmt":"2022-03-28T09:44:51","guid":{"rendered":"https:\/\/luftschloss-dettingen.de\/?p=380"},"modified":"2022-03-31T09:27:54","modified_gmt":"2022-03-31T09:27:54","slug":"ausstellung-kellerkunst-von-oe-raichle-im-cafe","status":"publish","type":"post","link":"https:\/\/luftschloss-dettingen.de\/?p=380","title":{"rendered":"Ausstellung \u201eKellerkunst&#8220; von \u00d6 Raichle im Caf\u00e9"},"content":{"rendered":"\n<p><strong>Ausstellung vom 26.3.-30.4.2022 \u2013 zu betrachten w\u00e4hrend der regul\u00e4ren \u00d6ffnungszeiten<\/strong><\/p>\n\n\n\n<p>Mit einer wunderbaren, kleinen aber feinen Vernissage am 26. M\u00e4rz 2022 haben wir unsere erste Ausstellung der Reihe &#8222;Kunst&amp;Kaffee&#8220; er\u00f6ffnet. Die Dettinger K\u00fcnstlerin \u00d6 Raichle pr\u00e4sentiert in 12 Bildern ihr K\u00f6nnen. <\/p>\n\n\n\n<p>Zwischen Naturmaterialien, Farbauftrag und Graffiti finden sich feine Linien, Buchseiten und Schrift. Dass jedes Bild vielschichtig zu lesen ist, kann man hier w\u00f6rtlich nehmen und entdeckt immer wieder etwas neues. Ihre sechs Monate alten Bilder mit der Friedenstaube als Motiv haben durch die aktuellen Ereignisse eine neue Brisanz erhalten und strahlen nun in einem ganz anderen Kontext. <\/p>\n\n\n\n<p>Vielen Dank an die K\u00fcnstlerin, dass sie ihre Kunst bei uns pr\u00e4sentiert!<\/p>\n\n\n\n<figure class=\"is-layout-flex wp-block-gallery-2 wp-block-gallery columns-3 is-cropped\"><ul class=\"blocks-gallery-grid\"><li class=\"blocks-gallery-item\"><figure><img decoding=\"async\" loading=\"lazy\" width=\"724\" height=\"1024\" src=\"https:\/\/luftschloss-dettingen.de\/wp-content\/uploads\/2022\/03\/AADAF11E-9AAE-4D25-9D9C-A4E1CEC82940_1_105_c-724x1024.jpeg\" alt=\"\" data-id=\"383\" data-link=\"https:\/\/luftschloss-dettingen.de\/?attachment_id=383\" class=\"wp-image-383\" srcset=\"https:\/\/luftschloss-dettingen.de\/wp-content\/uploads\/2022\/03\/AADAF11E-9AAE-4D25-9D9C-A4E1CEC82940_1_105_c-724x1024.jpeg 724w, https:\/\/luftschloss-dettingen.de\/wp-content\/uploads\/2022\/03\/AADAF11E-9AAE-4D25-9D9C-A4E1CEC82940_1_105_c-212x300.jpeg 212w, https:\/\/luftschloss-dettingen.de\/wp-content\/uploads\/2022\/03\/AADAF11E-9AAE-4D25-9D9C-A4E1CEC82940_1_105_c.jpeg 745w\" sizes=\"(max-width: 724px) 100vw, 724px\" \/><\/figure><\/li><li class=\"blocks-gallery-item\"><figure><img decoding=\"async\" loading=\"lazy\" width=\"1024\" height=\"768\" src=\"https:\/\/luftschloss-dettingen.de\/wp-content\/uploads\/2022\/03\/CafeLuftschloss_AusstellungOeRaichle-1-1024x768.jpg\" alt=\"\" data-id=\"382\" data-link=\"https:\/\/luftschloss-dettingen.de\/?attachment_id=382\" class=\"wp-image-382\" srcset=\"https:\/\/luftschloss-dettingen.de\/wp-content\/uploads\/2022\/03\/CafeLuftschloss_AusstellungOeRaichle-1-1024x768.jpg 1024w, https:\/\/luftschloss-dettingen.de\/wp-content\/uploads\/2022\/03\/CafeLuftschloss_AusstellungOeRaichle-1-300x225.jpg 300w, https:\/\/luftschloss-dettingen.de\/wp-content\/uploads\/2022\/03\/CafeLuftschloss_AusstellungOeRaichle-1-768x576.jpg 768w, https:\/\/luftschloss-dettingen.de\/wp-content\/uploads\/2022\/03\/CafeLuftschloss_AusstellungOeRaichle-1-1536x1152.jpg 1536w, https:\/\/luftschloss-dettingen.de\/wp-content\/uploads\/2022\/03\/CafeLuftschloss_AusstellungOeRaichle-1-2048x1536.jpg 2048w\" sizes=\"(max-width: 1024px) 100vw, 1024px\" \/><\/figure><\/li><li class=\"blocks-gallery-item\"><figure><img decoding=\"async\" loading=\"lazy\" width=\"793\" height=\"991\" src=\"https:\/\/luftschloss-dettingen.de\/wp-content\/uploads\/2022\/03\/C6EA2B2D-B84B-431A-BC8C-1D4067F7027F_1_105_c.jpeg\" alt=\"\" data-id=\"385\" data-link=\"https:\/\/luftschloss-dettingen.de\/?attachment_id=385\" class=\"wp-image-385\" srcset=\"https:\/\/luftschloss-dettingen.de\/wp-content\/uploads\/2022\/03\/C6EA2B2D-B84B-431A-BC8C-1D4067F7027F_1_105_c.jpeg 793w, https:\/\/luftschloss-dettingen.de\/wp-content\/uploads\/2022\/03\/C6EA2B2D-B84B-431A-BC8C-1D4067F7027F_1_105_c-240x300.jpeg 240w, https:\/\/luftschloss-dettingen.de\/wp-content\/uploads\/2022\/03\/C6EA2B2D-B84B-431A-BC8C-1D4067F7027F_1_105_c-768x960.jpeg 768w\" sizes=\"(max-width: 793px) 100vw, 793px\" \/><\/figure><\/li><li class=\"blocks-gallery-item\"><figure><img decoding=\"async\" loading=\"lazy\" width=\"794\" height=\"989\" src=\"https:\/\/luftschloss-dettingen.de\/wp-content\/uploads\/2022\/03\/50483C02-12A7-4962-84CF-C49142F8BA18_1_105_c.jpeg\" alt=\"\" data-id=\"386\" data-full-url=\"https:\/\/luftschloss-dettingen.de\/wp-content\/uploads\/2022\/03\/50483C02-12A7-4962-84CF-C49142F8BA18_1_105_c.jpeg\" data-link=\"https:\/\/luftschloss-dettingen.de\/?attachment_id=386\" class=\"wp-image-386\" srcset=\"https:\/\/luftschloss-dettingen.de\/wp-content\/uploads\/2022\/03\/50483C02-12A7-4962-84CF-C49142F8BA18_1_105_c.jpeg 794w, https:\/\/luftschloss-dettingen.de\/wp-content\/uploads\/2022\/03\/50483C02-12A7-4962-84CF-C49142F8BA18_1_105_c-241x300.jpeg 241w, https:\/\/luftschloss-dettingen.de\/wp-content\/uploads\/2022\/03\/50483C02-12A7-4962-84CF-C49142F8BA18_1_105_c-768x957.jpeg 768w\" sizes=\"(max-width: 794px) 100vw, 794px\" \/><\/figure><\/li><\/ul><figcaption class=\"blocks-gallery-caption\">Die Dettinger K\u00fcnstlerin \u00d6 Raichle stellt im Caf\u00e9 Luftschloss ihre Kunst aus<\/figcaption><\/figure>\n","protected":false},"excerpt":{"rendered":"<p>Ausstellung vom 26.3.-30.4.2022 \u2013 zu betrachten w\u00e4hrend der regul\u00e4ren \u00d6ffnungszeiten Mit einer wunderbaren, kleinen aber feinen Vernissage am 26. M\u00e4rz 2022 haben wir unsere erste Ausstellung der Reihe &#8222;Kunst&amp;Kaffee&#8220; er\u00f6ffnet. Die Dettinger K\u00fcnstlerin \u00d6 Raichle pr\u00e4sentiert in 12 Bildern ihr K\u00f6nnen. Zwischen Naturmaterialien, Farbauftrag und Graffiti finden sich feine Linien, Buchseiten und Schrift. Dass jedes&hellip; <a href=\"https:\/\/luftschloss-dettingen.de\/?p=380\" class=\"more-link\">Weiterlesen <span class=\"screen-reader-text\">Ausstellung \u201eKellerkunst&#8220; von \u00d6 Raichle im Caf\u00e9<\/span><\/a><\/p>\n","protected":false},"author":1,"featured_media":0,"comment_status":"open","ping_status":"open","sticky":false,"template":"","format":"standard","meta":[],"categories":[1],"tags":[],"_links":{"self":[{"href":"https:\/\/luftschloss-dettingen.de\/index.php?rest_route=\/wp\/v2\/posts\/380"}],"collection":[{"href":"https:\/\/luftschloss-dettingen.de\/index.php?rest_route=\/wp\/v2\/posts"}],"about":[{"href":"https:\/\/luftschloss-dettingen.de\/index.php?rest_route=\/wp\/v2\/types\/post"}],"author":[{"embeddable":true,"href":"https:\/\/luftschloss-dettingen.de\/index.php?rest_route=\/wp\/v2\/users\/1"}],"replies":[{"embeddable":true,"href":"https:\/\/luftschloss-dettingen.de\/index.php?rest_route=%2Fwp%2Fv2%2Fcomments&post=380"}],"version-history":[{"count":1,"href":"https:\/\/luftschloss-dettingen.de\/index.php?rest_route=\/wp\/v2\/posts\/380\/revisions"}],"predecessor-version":[{"id":387,"href":"https:\/\/luftschloss-dettingen.de\/index.php?rest_route=\/wp\/v2\/posts\/380\/revisions\/387"}],"wp:attachment":[{"href":"https:\/\/luftschloss-dettingen.de\/index.php?rest_route=%2Fwp%2Fv2%2Fmedia&parent=380"}],"wp:term":[{"taxonomy":"category","embeddable":true,"href":"https:\/\/luftschloss-dettingen.de\/index.php?rest_route=%2Fwp%2Fv2%2Fcategories&post=380"},{"taxonomy":"post_tag","embeddable":true,"href":"https:\/\/luftschloss-dettingen.de\/index.php?rest_route=%2Fwp%2Fv2%2Ftags&post=380"}],"curies":[{"name":"wp","href":"https:\/\/api.w.org\/{rel}","templated":true}]}}