{"id":377,"date":"2022-03-22T10:38:44","date_gmt":"2022-03-22T10:38:44","guid":{"rendered":"https:\/\/luftschloss-dettingen.de\/?p=377"},"modified":"2022-03-22T10:38:46","modified_gmt":"2022-03-22T10:38:46","slug":"eis-ole-waffel-ade","status":"publish","type":"post","link":"https:\/\/luftschloss-dettingen.de\/?p=377","title":{"rendered":"Eis ol\u00e9, Waffel ad\u00e9!"},"content":{"rendered":"\n<p>Es gibt bei uns wieder Eis! Wie bisher auch von der N\u00fcrtinger Eismanufaktur <a rel=\"noreferrer noopener\" href=\"https:\/\/www.martosca.com\/\" target=\"_blank\">Martosca<\/a>. In Waffeln oder im klimaneutralem Pappbecher. Und f\u00fcr Glutenintolerante auch in der glutenfreien Waffel. Die Fruchtsorbets sind laktose- und glutenfrei. Solltet Ihr eine Unvertr\u00e4glichkeit oder Pr\u00e4ferenz haben, bitte einfach beim Bestellen dazusagen, dann reagieren wir sofort. Nat\u00fcrlich gibt es auch wieder unseren Eiskaffee, die Eisschokolade und Milchshakes. Milchshakes k\u00f6nnen \u2013 wenn man ein Fruchtsorbet w\u00e4hlt \u2013 mit Hafermilch oder laktosefreier Milch zubereitet werden. Auch hier gilt: einfach dazusagen. Wir freuen uns auf Euch!<\/p>\n\n\n\n<figure class=\"wp-block-image\"><img alt=\"\"\/><\/figure>\n","protected":false},"excerpt":{"rendered":"<p>Es gibt bei uns wieder Eis! Wie bisher auch von der N\u00fcrtinger Eismanufaktur Martosca. In Waffeln oder im klimaneutralem Pappbecher. Und f\u00fcr Glutenintolerante auch in der glutenfreien Waffel. Die Fruchtsorbets sind laktose- und glutenfrei. Solltet Ihr eine Unvertr\u00e4glichkeit oder Pr\u00e4ferenz haben, bitte einfach beim Bestellen dazusagen, dann reagieren wir sofort. Nat\u00fcrlich gibt es auch wieder&hellip; <a href=\"https:\/\/luftschloss-dettingen.de\/?p=377\" class=\"more-link\">Weiterlesen <span class=\"screen-reader-text\">Eis ol\u00e9, Waffel ad\u00e9!<\/span><\/a><\/p>\n","protected":false},"author":1,"featured_media":0,"comment_status":"open","ping_status":"open","sticky":false,"template":"","format":"standard","meta":[],"categories":[1],"tags":[],"_links":{"self":[{"href":"https:\/\/luftschloss-dettingen.de\/index.php?rest_route=\/wp\/v2\/posts\/377"}],"collection":[{"href":"https:\/\/luftschloss-dettingen.de\/index.php?rest_route=\/wp\/v2\/posts"}],"about":[{"href":"https:\/\/luftschloss-dettingen.de\/index.php?rest_route=\/wp\/v2\/types\/post"}],"author":[{"embeddable":true,"href":"https:\/\/luftschloss-dettingen.de\/index.php?rest_route=\/wp\/v2\/users\/1"}],"replies":[{"embeddable":true,"href":"https:\/\/luftschloss-dettingen.de\/index.php?rest_route=%2Fwp%2Fv2%2Fcomments&post=377"}],"version-history":[{"count":1,"href":"https:\/\/luftschloss-dettingen.de\/index.php?rest_route=\/wp\/v2\/posts\/377\/revisions"}],"predecessor-version":[{"id":378,"href":"https:\/\/luftschloss-dettingen.de\/index.php?rest_route=\/wp\/v2\/posts\/377\/revisions\/378"}],"wp:attachment":[{"href":"https:\/\/luftschloss-dettingen.de\/index.php?rest_route=%2Fwp%2Fv2%2Fmedia&parent=377"}],"wp:term":[{"taxonomy":"category","embeddable":true,"href":"https:\/\/luftschloss-dettingen.de\/index.php?rest_route=%2Fwp%2Fv2%2Fcategories&post=377"},{"taxonomy":"post_tag","embeddable":true,"href":"https:\/\/luftschloss-dettingen.de\/index.php?rest_route=%2Fwp%2Fv2%2Ftags&post=377"}],"curies":[{"name":"wp","href":"https:\/\/api.w.org\/{rel}","templated":true}]}}