{"id":280,"date":"2022-01-04T09:16:08","date_gmt":"2022-01-04T09:16:08","guid":{"rendered":"https:\/\/luftschloss-dettingen.de\/?p=280"},"modified":"2022-03-28T12:36:32","modified_gmt":"2022-03-28T12:36:32","slug":"jahresausblick","status":"publish","type":"post","link":"https:\/\/luftschloss-dettingen.de\/?p=280","title":{"rendered":"Jahresausblick"},"content":{"rendered":"\n<figure class=\"wp-block-image size-large\"><img decoding=\"async\" loading=\"lazy\" width=\"1536\" height=\"1152\" src=\"https:\/\/luftschloss-dettingen.de\/wp-content\/uploads\/2022\/01\/0666A1E8-AB72-45CE-8F2A-300251F83708-edited.jpg\" alt=\"\" class=\"wp-image-282\" srcset=\"https:\/\/luftschloss-dettingen.de\/wp-content\/uploads\/2022\/01\/0666A1E8-AB72-45CE-8F2A-300251F83708-edited.jpg 1536w, https:\/\/luftschloss-dettingen.de\/wp-content\/uploads\/2022\/01\/0666A1E8-AB72-45CE-8F2A-300251F83708-edited-300x225.jpg 300w, https:\/\/luftschloss-dettingen.de\/wp-content\/uploads\/2022\/01\/0666A1E8-AB72-45CE-8F2A-300251F83708-edited-1024x768.jpg 1024w, https:\/\/luftschloss-dettingen.de\/wp-content\/uploads\/2022\/01\/0666A1E8-AB72-45CE-8F2A-300251F83708-edited-768x576.jpg 768w\" sizes=\"(max-width: 1536px) 100vw, 1536px\" \/><figcaption>Gutes neues Jahr!<\/figcaption><\/figure>\n\n\n\n<p><strong>Erst einmal an alle G\u00e4ste ein fr\u00f6hliches &#8222;Gutes neues Jahr!&#8220;. <\/strong>Wir meinen das ernst. Der Optimismus hat etwas gelitten in den letzten beiden Jahren, aber Shabby Chic ist In, ein paar Kratzer machen selbst eine positive Weltanschauung interessanter. Wir w\u00fcnschen also allen eine starke Gesundheit, wunderbare Momente, sch\u00f6ne \u00dcberraschungen und vor allem Zeit mit den Lieben, wie und wo auch immer.<\/p>\n\n\n\n<p>Wir haben die Zeit genutzt, die wir geschlossen hatten. In einer Social Media Umfrage fragten wir, welche unserer Ideen unseren Kunden gut gef\u00e4llt und was in Zukunft das Caf\u00e9 noch attraktiver machen k\u00f6nnte. Wir haben zugeh\u00f6rt und daher&#8230;<\/p>\n\n\n\n<ol><li><strong>WEEKLY SPECIALS<\/strong>, die man im Voraus wei\u00df \u2013 Wir werden sie <a rel=\"noreferrer noopener\" href=\"https:\/\/luftschloss-dettingen.de\/?page_id=33\" data-type=\"URL\" data-id=\"https:\/\/luftschloss-dettingen.de\/?page_id=33\" target=\"_blank\">hier<\/a> unter dem Men\u00fcpunkt <a rel=\"noreferrer noopener\" href=\"https:\/\/luftschloss-dettingen.de\/?page_id=33\" data-type=\"URL\" data-id=\"https:\/\/luftschloss-dettingen.de\/?page_id=33\" target=\"_blank\">Angebot<\/a> ank\u00fcndigen. <\/li><li><strong>SONDERANGEBOTSTAGE<\/strong> \u2013 Kaffee und Kuchen im Angebotspreis. Oder einen Waffeltag. Diese Angebotstage findet Ihr ebenfalls <a rel=\"noreferrer noopener\" href=\"https:\/\/luftschloss-dettingen.de\/?page_id=33\" data-type=\"URL\" data-id=\"https:\/\/luftschloss-dettingen.de\/?page_id=33\" target=\"_blank\">hier<\/a> unter dem Men\u00fcpunkt <a rel=\"noreferrer noopener\" href=\"https:\/\/luftschloss-dettingen.de\/?page_id=33\" data-type=\"URL\" data-id=\"https:\/\/luftschloss-dettingen.de\/?page_id=33\" target=\"_blank\">Angebot<\/a>.<\/li><li><strong>APERITIVO-FREITAG<\/strong> \u2013 Ab M\u00e4rz 2022 werden wir zwischen 17 und 19 Uhr einen Aperitivo anbieten. Alkoholfreie Aperitif-Getr\u00e4nke und die passenden Snacks dazu, um gem\u00fctlich ins Wochenende zu starten. Warum erst ab M\u00e4rz? Vielleicht kann man dann schon wieder gem\u00fctlich drau\u00dfen sitzen\/stehen. Und die Coronabestimmungen sind gn\u00e4diger oder man ist mehr daran gew\u00f6hnt. Wir freuen uns jedenfalls richtig darauf!<\/li><\/ol>\n\n\n\n<p>Der Wunsch nach einem auch im Winter warmen Au\u00dfenbereich ist wahrgenommen, aber auf die Schnelle nicht realisierbar. Wir sind dran.<\/p>\n\n\n\n<p><strong>Was w\u00fcrde f\u00fcr Euch das Caf\u00e9 Luftschloss noch attraktiver machen? <\/strong><\/p>\n\n\n\n<p><\/p>\n\n\n\n<p><\/p>\n\n\n\n<p>Nachtrag vom 28.3.22: Leider hat das mit dem Aperitivo Freitag aus Corona-Gr\u00fcnden noch nicht im M\u00e4rz geklappt. Wir sind aber dran und kommunizieren den Start dann \u00fcber Website, Social-Media und Anzeigen. Danke f\u00fcr Euer Verst\u00e4ndnis.<\/p>\n","protected":false},"excerpt":{"rendered":"<p>Erst einmal an alle G\u00e4ste ein fr\u00f6hliches &#8222;Gutes neues Jahr!&#8220;. Wir meinen das ernst. Der Optimismus hat etwas gelitten in den letzten beiden Jahren, aber Shabby Chic ist In, ein paar Kratzer machen selbst eine positive Weltanschauung interessanter. Wir w\u00fcnschen also allen eine starke Gesundheit, wunderbare Momente, sch\u00f6ne \u00dcberraschungen und vor allem Zeit mit den&hellip; <a href=\"https:\/\/luftschloss-dettingen.de\/?p=280\" class=\"more-link\">Weiterlesen <span class=\"screen-reader-text\">Jahresausblick<\/span><\/a><\/p>\n","protected":false},"author":1,"featured_media":0,"comment_status":"open","ping_status":"open","sticky":false,"template":"","format":"standard","meta":[],"categories":[1],"tags":[48,49,51,19,52,50],"_links":{"self":[{"href":"https:\/\/luftschloss-dettingen.de\/index.php?rest_route=\/wp\/v2\/posts\/280"}],"collection":[{"href":"https:\/\/luftschloss-dettingen.de\/index.php?rest_route=\/wp\/v2\/posts"}],"about":[{"href":"https:\/\/luftschloss-dettingen.de\/index.php?rest_route=\/wp\/v2\/types\/post"}],"author":[{"embeddable":true,"href":"https:\/\/luftschloss-dettingen.de\/index.php?rest_route=\/wp\/v2\/users\/1"}],"replies":[{"embeddable":true,"href":"https:\/\/luftschloss-dettingen.de\/index.php?rest_route=%2Fwp%2Fv2%2Fcomments&post=280"}],"version-history":[{"count":2,"href":"https:\/\/luftschloss-dettingen.de\/index.php?rest_route=\/wp\/v2\/posts\/280\/revisions"}],"predecessor-version":[{"id":399,"href":"https:\/\/luftschloss-dettingen.de\/index.php?rest_route=\/wp\/v2\/posts\/280\/revisions\/399"}],"wp:attachment":[{"href":"https:\/\/luftschloss-dettingen.de\/index.php?rest_route=%2Fwp%2Fv2%2Fmedia&parent=280"}],"wp:term":[{"taxonomy":"category","embeddable":true,"href":"https:\/\/luftschloss-dettingen.de\/index.php?rest_route=%2Fwp%2Fv2%2Fcategories&post=280"},{"taxonomy":"post_tag","embeddable":true,"href":"https:\/\/luftschloss-dettingen.de\/index.php?rest_route=%2Fwp%2Fv2%2Ftags&post=280"}],"curies":[{"name":"wp","href":"https:\/\/api.w.org\/{rel}","templated":true}]}}