{"id":270,"date":"2021-12-22T14:41:28","date_gmt":"2021-12-22T14:41:28","guid":{"rendered":"https:\/\/luftschloss-dettingen.de\/?p=270"},"modified":"2021-12-22T14:41:29","modified_gmt":"2021-12-22T14:41:29","slug":"weihnachtsurlaub-und-neue-bestimmungen","status":"publish","type":"post","link":"https:\/\/luftschloss-dettingen.de\/?p=270","title":{"rendered":"Weihnachtsurlaub und neue Bestimmungen"},"content":{"rendered":"\n<p>Ein krasses Jahr endet und wir schauen mit gemischten Gef\u00fchlen zur\u00fcck. Und ebenso nach vorn. Wie lange dauert dieser Zustand des leeren Gastraums noch und liegt es hoffentlich wirklich nur an Corona?<\/p>\n\n\n\n<p>Jedenfalls brauchen wir eine Pause vom Gedankenkarussell, was wir noch besser machen k\u00f6nnen, um noch mehr Menschen zu begeistern (an dieser Stelle: FETTES DANKE AN UNSERE STAMMKUNDEN!!!). <br><strong><mark>Das Caf\u00e9 ist zwischen 24.12.21 und 2.1.22 geschlossen und startet dann mit voller Kraft ins neue Jahr am 3.1.22.<\/mark><\/strong><\/p>\n\n\n\n<p><br>Zudem gibt es f\u00fcr die Weihnachtsferien (bis 10.1.22) neue Bestimmungen bez\u00fcglich der Zugangsberechtigung f\u00fcr schulpflichtige Kinder und Jugendliche: wenn wir am 3.1.22 wieder \u00f6ffnen reicht bis 10.1. nicht mehr der Sch\u00fclerausweis als Zugangsberechtigung (da in den Ferien keine regelm\u00e4\u00dfigen Testungen stattfinden), stattdessen brauchen wir dann einen Nachweis \u00fcber einen Schnelltest (nicht \u00e4lter als 24h) oder einen PCR-Test (nicht \u00e4lter als 48h). Von dieser Nachbesserung f\u00fcr die Ferien ausgenommen sind Kinder bis 7 Jahre, wenn sie noch nicht in der Schule sind.<\/p>\n\n\n\n<p><\/p>\n","protected":false},"excerpt":{"rendered":"<p>Ein krasses Jahr endet und wir schauen mit gemischten Gef\u00fchlen zur\u00fcck. Und ebenso nach vorn. Wie lange dauert dieser Zustand des leeren Gastraums noch und liegt es hoffentlich wirklich nur an Corona? Jedenfalls brauchen wir eine Pause vom Gedankenkarussell, was wir noch besser machen k\u00f6nnen, um noch mehr Menschen zu begeistern (an dieser Stelle: FETTES&hellip; <a href=\"https:\/\/luftschloss-dettingen.de\/?p=270\" class=\"more-link\">Weiterlesen <span class=\"screen-reader-text\">Weihnachtsurlaub und neue Bestimmungen<\/span><\/a><\/p>\n","protected":false},"author":1,"featured_media":0,"comment_status":"open","ping_status":"open","sticky":false,"template":"","format":"standard","meta":[],"categories":[1],"tags":[],"_links":{"self":[{"href":"https:\/\/luftschloss-dettingen.de\/index.php?rest_route=\/wp\/v2\/posts\/270"}],"collection":[{"href":"https:\/\/luftschloss-dettingen.de\/index.php?rest_route=\/wp\/v2\/posts"}],"about":[{"href":"https:\/\/luftschloss-dettingen.de\/index.php?rest_route=\/wp\/v2\/types\/post"}],"author":[{"embeddable":true,"href":"https:\/\/luftschloss-dettingen.de\/index.php?rest_route=\/wp\/v2\/users\/1"}],"replies":[{"embeddable":true,"href":"https:\/\/luftschloss-dettingen.de\/index.php?rest_route=%2Fwp%2Fv2%2Fcomments&post=270"}],"version-history":[{"count":1,"href":"https:\/\/luftschloss-dettingen.de\/index.php?rest_route=\/wp\/v2\/posts\/270\/revisions"}],"predecessor-version":[{"id":271,"href":"https:\/\/luftschloss-dettingen.de\/index.php?rest_route=\/wp\/v2\/posts\/270\/revisions\/271"}],"wp:attachment":[{"href":"https:\/\/luftschloss-dettingen.de\/index.php?rest_route=%2Fwp%2Fv2%2Fmedia&parent=270"}],"wp:term":[{"taxonomy":"category","embeddable":true,"href":"https:\/\/luftschloss-dettingen.de\/index.php?rest_route=%2Fwp%2Fv2%2Fcategories&post=270"},{"taxonomy":"post_tag","embeddable":true,"href":"https:\/\/luftschloss-dettingen.de\/index.php?rest_route=%2Fwp%2Fv2%2Ftags&post=270"}],"curies":[{"name":"wp","href":"https:\/\/api.w.org\/{rel}","templated":true}]}}