{"id":246,"date":"2021-12-03T16:13:28","date_gmt":"2021-12-03T16:13:28","guid":{"rendered":"https:\/\/luftschloss-dettingen.de\/?p=246"},"modified":"2021-12-03T16:13:29","modified_gmt":"2021-12-03T16:13:29","slug":"joa-was-sagen-wir-dazu-alarmstufe-iiplus","status":"publish","type":"post","link":"https:\/\/luftschloss-dettingen.de\/?p=246","title":{"rendered":"Joa, was sagen wir dazu\u2026 Alarmstufe IIplus"},"content":{"rendered":"\n<p>Ab Samstag 4.12.21 gilt die Alarmstufe II mit weiteren Extras (\u201eDarfs auch ein bisschen mehr sein?\u201c). Im Grunde d\u00fcrft Ihr jetzt f\u00fcr einen Kaffee (und unseren hervorragenden Kuchen und die frischen Waffeln) trotz 2G nur noch nachweislich getestet kommen. So kann ich quasi zumachen, bis wir wieder in Alarmstufe I oder Warnstufe sind \ud83d\ude29.<\/p>\n\n\n\n<p>Wollen wir das vielleicht andersherum sehen? Wenn Ihr Euch f\u00fcr etwas anderes eh habt testen lassen, kommt Ihr dann einfach auch ins Caf\u00e9 Luftschloss? Das w\u00e4r ein Traum. Denn so als nagelneues Startup ist der Boden noch sehr hart, auf den man nach g\u00e4stearmen Wochen f\u00e4llt. <\/p>\n\n\n\n<p>Ist das unser Deal?<\/p>\n","protected":false},"excerpt":{"rendered":"<p>Ab Samstag 4.12.21 gilt die Alarmstufe II mit weiteren Extras (\u201eDarfs auch ein bisschen mehr sein?\u201c). Im Grunde d\u00fcrft Ihr jetzt f\u00fcr einen Kaffee (und unseren hervorragenden Kuchen und die frischen Waffeln) trotz 2G nur noch nachweislich getestet kommen. So kann ich quasi zumachen, bis wir wieder in Alarmstufe I oder Warnstufe sind \ud83d\ude29. Wollen&hellip; <a href=\"https:\/\/luftschloss-dettingen.de\/?p=246\" class=\"more-link\">Weiterlesen <span class=\"screen-reader-text\">Joa, was sagen wir dazu\u2026 Alarmstufe IIplus<\/span><\/a><\/p>\n","protected":false},"author":1,"featured_media":0,"comment_status":"open","ping_status":"open","sticky":false,"template":"","format":"standard","meta":[],"categories":[1],"tags":[34,19,33,39],"_links":{"self":[{"href":"https:\/\/luftschloss-dettingen.de\/index.php?rest_route=\/wp\/v2\/posts\/246"}],"collection":[{"href":"https:\/\/luftschloss-dettingen.de\/index.php?rest_route=\/wp\/v2\/posts"}],"about":[{"href":"https:\/\/luftschloss-dettingen.de\/index.php?rest_route=\/wp\/v2\/types\/post"}],"author":[{"embeddable":true,"href":"https:\/\/luftschloss-dettingen.de\/index.php?rest_route=\/wp\/v2\/users\/1"}],"replies":[{"embeddable":true,"href":"https:\/\/luftschloss-dettingen.de\/index.php?rest_route=%2Fwp%2Fv2%2Fcomments&post=246"}],"version-history":[{"count":1,"href":"https:\/\/luftschloss-dettingen.de\/index.php?rest_route=\/wp\/v2\/posts\/246\/revisions"}],"predecessor-version":[{"id":248,"href":"https:\/\/luftschloss-dettingen.de\/index.php?rest_route=\/wp\/v2\/posts\/246\/revisions\/248"}],"wp:attachment":[{"href":"https:\/\/luftschloss-dettingen.de\/index.php?rest_route=%2Fwp%2Fv2%2Fmedia&parent=246"}],"wp:term":[{"taxonomy":"category","embeddable":true,"href":"https:\/\/luftschloss-dettingen.de\/index.php?rest_route=%2Fwp%2Fv2%2Fcategories&post=246"},{"taxonomy":"post_tag","embeddable":true,"href":"https:\/\/luftschloss-dettingen.de\/index.php?rest_route=%2Fwp%2Fv2%2Ftags&post=246"}],"curies":[{"name":"wp","href":"https:\/\/api.w.org\/{rel}","templated":true}]}}