{"id":238,"date":"2021-11-16T16:03:09","date_gmt":"2021-11-16T16:03:09","guid":{"rendered":"https:\/\/luftschloss-dettingen.de\/?p=238"},"modified":"2021-11-16T16:03:11","modified_gmt":"2021-11-16T16:03:11","slug":"ab-mittwoch-alarmstufe-c-stand-16-11-21","status":"publish","type":"post","link":"https:\/\/luftschloss-dettingen.de\/?p=238","title":{"rendered":"Ab Mittwoch Alarmstufe *C* (Stand 16.11.21)"},"content":{"rendered":"\n<p>H\u00f6chstzahlen bedeuten immer die n\u00e4chste Ma\u00dfnahmenstufe. Diese bedeutet f\u00fcr unser Caf\u00e9 Luftschloss ab morgen (17.11.21):<\/p>\n\n\n\n<ul><li>Maskenpflicht weiterhin!<\/li><li>Im Innenraum 2G, sprich: Genesen oder geimpft. Nur getestet, egal ob Schnell- oder PCR-Test, gilt nicht mehr.<\/li><li>Auf der Terrasse (bei entsprechend gutem Wetter) gilt 3G \u2013 getestet gilt hier nur mit PCR-Test.<\/li><li>Ausgenommen von der 2G-Regel sind Kinder unter 6 Jahren, Schwangere und Stillende (hier gilt die Schnelltest-Pflicht mit Nachweis) und schulpflichtige Kinder und Jugendliche, da sie als in der Schule getestet gelten.<\/li><li>Wir scannen ab sofort Euren digitalen Impfnachweis zur Sicherheit. <\/li><li>Unser To-Go-Fenster wird reaktiviert, so dass ab sofort auch wieder alle Getr\u00e4nke und Speisen zum Mitnehmen verf\u00fcgbar sind \u2013 beim Abholen gilt schlicht die Maskenpflicht.<\/li><li>Wir bitten generell darum, bei Krankheitsanzeichen wie Schnupfen, Husten, Fieber etc. auf den Besuch zu verzichten.<\/li><li>Wir danken allen, die uns unterst\u00fctzen in dieser (an)spannenden Zeit.<\/li><\/ul>\n\n\n\n<p><\/p>\n","protected":false},"excerpt":{"rendered":"<p>H\u00f6chstzahlen bedeuten immer die n\u00e4chste Ma\u00dfnahmenstufe. Diese bedeutet f\u00fcr unser Caf\u00e9 Luftschloss ab morgen (17.11.21): Maskenpflicht weiterhin! Im Innenraum 2G, sprich: Genesen oder geimpft. Nur getestet, egal ob Schnell- oder PCR-Test, gilt nicht mehr. Auf der Terrasse (bei entsprechend gutem Wetter) gilt 3G \u2013 getestet gilt hier nur mit PCR-Test. Ausgenommen von der 2G-Regel sind&hellip; <a href=\"https:\/\/luftschloss-dettingen.de\/?p=238\" class=\"more-link\">Weiterlesen <span class=\"screen-reader-text\">Ab Mittwoch Alarmstufe *C* (Stand 16.11.21)<\/span><\/a><\/p>\n","protected":false},"author":1,"featured_media":0,"comment_status":"open","ping_status":"open","sticky":false,"template":"","format":"standard","meta":[],"categories":[1],"tags":[34,33,38,37,35,36],"_links":{"self":[{"href":"https:\/\/luftschloss-dettingen.de\/index.php?rest_route=\/wp\/v2\/posts\/238"}],"collection":[{"href":"https:\/\/luftschloss-dettingen.de\/index.php?rest_route=\/wp\/v2\/posts"}],"about":[{"href":"https:\/\/luftschloss-dettingen.de\/index.php?rest_route=\/wp\/v2\/types\/post"}],"author":[{"embeddable":true,"href":"https:\/\/luftschloss-dettingen.de\/index.php?rest_route=\/wp\/v2\/users\/1"}],"replies":[{"embeddable":true,"href":"https:\/\/luftschloss-dettingen.de\/index.php?rest_route=%2Fwp%2Fv2%2Fcomments&post=238"}],"version-history":[{"count":1,"href":"https:\/\/luftschloss-dettingen.de\/index.php?rest_route=\/wp\/v2\/posts\/238\/revisions"}],"predecessor-version":[{"id":239,"href":"https:\/\/luftschloss-dettingen.de\/index.php?rest_route=\/wp\/v2\/posts\/238\/revisions\/239"}],"wp:attachment":[{"href":"https:\/\/luftschloss-dettingen.de\/index.php?rest_route=%2Fwp%2Fv2%2Fmedia&parent=238"}],"wp:term":[{"taxonomy":"category","embeddable":true,"href":"https:\/\/luftschloss-dettingen.de\/index.php?rest_route=%2Fwp%2Fv2%2Fcategories&post=238"},{"taxonomy":"post_tag","embeddable":true,"href":"https:\/\/luftschloss-dettingen.de\/index.php?rest_route=%2Fwp%2Fv2%2Ftags&post=238"}],"curies":[{"name":"wp","href":"https:\/\/api.w.org\/{rel}","templated":true}]}}