{"id":229,"date":"2021-11-04T10:47:37","date_gmt":"2021-11-04T10:47:37","guid":{"rendered":"https:\/\/luftschloss-dettingen.de\/?p=229"},"modified":"2021-11-04T10:47:38","modified_gmt":"2021-11-04T10:47:38","slug":"aktuelle-corona-bestimmungen-stand-3-11-21","status":"publish","type":"post","link":"https:\/\/luftschloss-dettingen.de\/?p=229","title":{"rendered":"Aktuelle Corona-Bestimmungen (Stand: 3.11.21)"},"content":{"rendered":"\n<p>Seit dem 3.11.21 gilt in Baden-W\u00fcrttemberg die Warnstufe und damit treten neue Regeln in Kraft. Besonders f\u00fcr den Verkaufsoffenen Sonntag am 7.11.21 ist folgendes interessant:<\/p>\n\n\n\n<ul><li>Im Innenraum gilt 3G (also genesen, geimpft oder getestet); wichtig hierbei: es gelten keine Schnelltests mehr, sondern nur noch PCR-Tests, die nicht \u00e4lter als 48h sein d\u00fcrfen. Ebenfalls gut zu wissen: Schulpflichtige Kinder gelten als getestet. Schwangere oder Stillende waren bisher von der Impfempfehlung ausgenommen, f\u00fcr sie reicht ein Schnelltest vom Testzentrum (nicht \u00e4lter als 24h).<\/li><li>Grunds\u00e4tzlich gilt weiterhin die Maskenpflicht in den Innenr\u00e4umen.<\/li><li>Auf der Terrasse (die wir in verkleinerter, gem\u00fctlicher Form weiterhin ge\u00f6ffnet halten bei entsprechendem Wetter) gilt ab sofort auch die oben genannte 3G-Regel. Wir ben\u00f6tigen hier also einen g\u00fcltigen PCR-Negativ-Test.<\/li><li>Weiterhin gilt wie bisher auch die Dokumentationspflicht innen und au\u00dfen. Hierzu bieten wir die QR-Codes f\u00fcr Corona-Warn-App und Luca-App. Wer beides nicht benutzt, kann seine Daten schriftlich hinterlegen. Diese Daten werden ausschlie\u00dflich f\u00fcr diesen Zweck verwendet und nach den vorgeschriebenen 14 Tagen vernichtet.<\/li><li>In der aktuellen Warnstufe erlauben wir im Gastraum maximal 10 Personen. Auf der Terrasse gelten pro Tisch die hingestellten St\u00fchle als Beschr\u00e4nkung, bitte hier keine eigenm\u00e4chtigen Ver\u00e4nderungen durchf\u00fchren.<\/li><li>Zu Eurer Information und Sicherheit: alle Mitarbeiter des Caf\u00e9 Luftschloss sind durchgeimpft, testen sich regelm\u00e4\u00dfig und tragen weiterhin Masken. <\/li><\/ul>\n\n\n\n<p><\/p>\n","protected":false},"excerpt":{"rendered":"<p>Seit dem 3.11.21 gilt in Baden-W\u00fcrttemberg die Warnstufe und damit treten neue Regeln in Kraft. Besonders f\u00fcr den Verkaufsoffenen Sonntag am 7.11.21 ist folgendes interessant: Im Innenraum gilt 3G (also genesen, geimpft oder getestet); wichtig hierbei: es gelten keine Schnelltests mehr, sondern nur noch PCR-Tests, die nicht \u00e4lter als 48h sein d\u00fcrfen. Ebenfalls gut zu&hellip; <a href=\"https:\/\/luftschloss-dettingen.de\/?p=229\" class=\"more-link\">Weiterlesen <span class=\"screen-reader-text\">Aktuelle Corona-Bestimmungen (Stand: 3.11.21)<\/span><\/a><\/p>\n","protected":false},"author":1,"featured_media":0,"comment_status":"open","ping_status":"open","sticky":false,"template":"","format":"standard","meta":[],"categories":[1],"tags":[31,30,19,29,32],"_links":{"self":[{"href":"https:\/\/luftschloss-dettingen.de\/index.php?rest_route=\/wp\/v2\/posts\/229"}],"collection":[{"href":"https:\/\/luftschloss-dettingen.de\/index.php?rest_route=\/wp\/v2\/posts"}],"about":[{"href":"https:\/\/luftschloss-dettingen.de\/index.php?rest_route=\/wp\/v2\/types\/post"}],"author":[{"embeddable":true,"href":"https:\/\/luftschloss-dettingen.de\/index.php?rest_route=\/wp\/v2\/users\/1"}],"replies":[{"embeddable":true,"href":"https:\/\/luftschloss-dettingen.de\/index.php?rest_route=%2Fwp%2Fv2%2Fcomments&post=229"}],"version-history":[{"count":1,"href":"https:\/\/luftschloss-dettingen.de\/index.php?rest_route=\/wp\/v2\/posts\/229\/revisions"}],"predecessor-version":[{"id":230,"href":"https:\/\/luftschloss-dettingen.de\/index.php?rest_route=\/wp\/v2\/posts\/229\/revisions\/230"}],"wp:attachment":[{"href":"https:\/\/luftschloss-dettingen.de\/index.php?rest_route=%2Fwp%2Fv2%2Fmedia&parent=229"}],"wp:term":[{"taxonomy":"category","embeddable":true,"href":"https:\/\/luftschloss-dettingen.de\/index.php?rest_route=%2Fwp%2Fv2%2Fcategories&post=229"},{"taxonomy":"post_tag","embeddable":true,"href":"https:\/\/luftschloss-dettingen.de\/index.php?rest_route=%2Fwp%2Fv2%2Ftags&post=229"}],"curies":[{"name":"wp","href":"https:\/\/api.w.org\/{rel}","templated":true}]}}