{"id":220,"date":"2021-10-28T15:49:05","date_gmt":"2021-10-28T15:49:05","guid":{"rendered":"https:\/\/luftschloss-dettingen.de\/?p=220"},"modified":"2021-11-04T09:39:45","modified_gmt":"2021-11-04T09:39:45","slug":"verkaufsoffener-sonntag-7-11-21","status":"publish","type":"post","link":"https:\/\/luftschloss-dettingen.de\/?p=220","title":{"rendered":"Verkaufsoffener Sonntag 7.11.21"},"content":{"rendered":"\n<p>In Kooperation mit der Ortsb\u00fccherei Dettingen\/Teck \u00f6ffnen auch wir am Sonntag, den 7.11.2021, zwischen 12:30 und 17 Uhr die T\u00fcren. Im Caf\u00e9 gibt es B\u00e4ckerkuchen, Kaffee- und Teespezialit\u00e4ten, Erfrischungsgetr\u00e4nke und die letzten Kugeln Eis des Jahres. In der B\u00fccherei wird zwei Mal vorgelesen (14:30 und 15:30 Uhr). Und als w\u00e4r das nicht genug: Im Gemeindezentrum im Pfarrgarten (GiPf) veranstalten B\u00fccherei und evangelische Kirche einen B\u00fccherflohmarkt. Volles Programm (es gelten die aktuellen Corona-Verordnungen des Landes Baden-W\u00fcrttemberg).<\/p>\n\n\n\n<figure class=\"is-layout-flex wp-block-gallery-2 wp-block-gallery columns-2 is-cropped\"><ul class=\"blocks-gallery-grid\"><li class=\"blocks-gallery-item\"><figure><img decoding=\"async\" loading=\"lazy\" width=\"724\" height=\"1024\" src=\"https:\/\/luftschloss-dettingen.de\/wp-content\/uploads\/2021\/11\/CL_VerkaufsoffenerSonntag02-724x1024.jpg\" alt=\"\" data-id=\"226\" data-full-url=\"https:\/\/luftschloss-dettingen.de\/wp-content\/uploads\/2021\/11\/CL_VerkaufsoffenerSonntag02-scaled.jpg\" data-link=\"https:\/\/luftschloss-dettingen.de\/?attachment_id=226\" class=\"wp-image-226\" srcset=\"https:\/\/luftschloss-dettingen.de\/wp-content\/uploads\/2021\/11\/CL_VerkaufsoffenerSonntag02-724x1024.jpg 724w, https:\/\/luftschloss-dettingen.de\/wp-content\/uploads\/2021\/11\/CL_VerkaufsoffenerSonntag02-212x300.jpg 212w, https:\/\/luftschloss-dettingen.de\/wp-content\/uploads\/2021\/11\/CL_VerkaufsoffenerSonntag02-768x1086.jpg 768w, https:\/\/luftschloss-dettingen.de\/wp-content\/uploads\/2021\/11\/CL_VerkaufsoffenerSonntag02-1086x1536.jpg 1086w, https:\/\/luftschloss-dettingen.de\/wp-content\/uploads\/2021\/11\/CL_VerkaufsoffenerSonntag02-1448x2048.jpg 1448w, https:\/\/luftschloss-dettingen.de\/wp-content\/uploads\/2021\/11\/CL_VerkaufsoffenerSonntag02-scaled.jpg 1810w\" sizes=\"(max-width: 724px) 100vw, 724px\" \/><\/figure><\/li><li class=\"blocks-gallery-item\"><figure><img decoding=\"async\" loading=\"lazy\" width=\"915\" height=\"750\" src=\"https:\/\/luftschloss-dettingen.de\/wp-content\/uploads\/2021\/10\/Bildschirmfoto-2021-10-28-um-17.29.03.png\" alt=\"\" data-id=\"224\" data-link=\"https:\/\/luftschloss-dettingen.de\/?attachment_id=224\" class=\"wp-image-224\" srcset=\"https:\/\/luftschloss-dettingen.de\/wp-content\/uploads\/2021\/10\/Bildschirmfoto-2021-10-28-um-17.29.03.png 915w, https:\/\/luftschloss-dettingen.de\/wp-content\/uploads\/2021\/10\/Bildschirmfoto-2021-10-28-um-17.29.03-300x246.png 300w, https:\/\/luftschloss-dettingen.de\/wp-content\/uploads\/2021\/10\/Bildschirmfoto-2021-10-28-um-17.29.03-768x630.png 768w\" sizes=\"(max-width: 915px) 100vw, 915px\" \/><\/figure><\/li><\/ul><\/figure>\n","protected":false},"excerpt":{"rendered":"<p>In Kooperation mit der Ortsb\u00fccherei Dettingen\/Teck \u00f6ffnen auch wir am Sonntag, den 7.11.2021, zwischen 12:30 und 17 Uhr die T\u00fcren. Im Caf\u00e9 gibt es B\u00e4ckerkuchen, Kaffee- und Teespezialit\u00e4ten, Erfrischungsgetr\u00e4nke und die letzten Kugeln Eis des Jahres. In der B\u00fccherei wird zwei Mal vorgelesen (14:30 und 15:30 Uhr). Und als w\u00e4r das nicht genug: Im Gemeindezentrum&hellip; <a href=\"https:\/\/luftschloss-dettingen.de\/?p=220\" class=\"more-link\">Weiterlesen <span class=\"screen-reader-text\">Verkaufsoffener Sonntag 7.11.21<\/span><\/a><\/p>\n","protected":false},"author":1,"featured_media":0,"comment_status":"open","ping_status":"open","sticky":false,"template":"","format":"standard","meta":[],"categories":[1],"tags":[26,17,27,24,15,25,28],"_links":{"self":[{"href":"https:\/\/luftschloss-dettingen.de\/index.php?rest_route=\/wp\/v2\/posts\/220"}],"collection":[{"href":"https:\/\/luftschloss-dettingen.de\/index.php?rest_route=\/wp\/v2\/posts"}],"about":[{"href":"https:\/\/luftschloss-dettingen.de\/index.php?rest_route=\/wp\/v2\/types\/post"}],"author":[{"embeddable":true,"href":"https:\/\/luftschloss-dettingen.de\/index.php?rest_route=\/wp\/v2\/users\/1"}],"replies":[{"embeddable":true,"href":"https:\/\/luftschloss-dettingen.de\/index.php?rest_route=%2Fwp%2Fv2%2Fcomments&post=220"}],"version-history":[{"count":2,"href":"https:\/\/luftschloss-dettingen.de\/index.php?rest_route=\/wp\/v2\/posts\/220\/revisions"}],"predecessor-version":[{"id":228,"href":"https:\/\/luftschloss-dettingen.de\/index.php?rest_route=\/wp\/v2\/posts\/220\/revisions\/228"}],"wp:attachment":[{"href":"https:\/\/luftschloss-dettingen.de\/index.php?rest_route=%2Fwp%2Fv2%2Fmedia&parent=220"}],"wp:term":[{"taxonomy":"category","embeddable":true,"href":"https:\/\/luftschloss-dettingen.de\/index.php?rest_route=%2Fwp%2Fv2%2Fcategories&post=220"},{"taxonomy":"post_tag","embeddable":true,"href":"https:\/\/luftschloss-dettingen.de\/index.php?rest_route=%2Fwp%2Fv2%2Ftags&post=220"}],"curies":[{"name":"wp","href":"https:\/\/api.w.org\/{rel}","templated":true}]}}