{"id":187,"date":"2021-10-05T14:55:05","date_gmt":"2021-10-05T14:55:05","guid":{"rendered":"https:\/\/luftschloss-dettingen.de\/?p=187"},"modified":"2021-10-05T14:55:07","modified_gmt":"2021-10-05T14:55:07","slug":"innensaison-beginnt-langsam","status":"publish","type":"post","link":"https:\/\/luftschloss-dettingen.de\/?p=187","title":{"rendered":"Innensaison beginnt langsam"},"content":{"rendered":"\n<figure class=\"wp-block-image size-large\"><img decoding=\"async\" loading=\"lazy\" width=\"1024\" height=\"357\" src=\"https:\/\/luftschloss-dettingen.de\/wp-content\/uploads\/2021\/10\/A74E8E64-745A-4BA7-A6E3-88E721DBD669-1024x357.jpeg\" alt=\"\" class=\"wp-image-188\" srcset=\"https:\/\/luftschloss-dettingen.de\/wp-content\/uploads\/2021\/10\/A74E8E64-745A-4BA7-A6E3-88E721DBD669-1024x357.jpeg 1024w, https:\/\/luftschloss-dettingen.de\/wp-content\/uploads\/2021\/10\/A74E8E64-745A-4BA7-A6E3-88E721DBD669-300x105.jpeg 300w, https:\/\/luftschloss-dettingen.de\/wp-content\/uploads\/2021\/10\/A74E8E64-745A-4BA7-A6E3-88E721DBD669-768x268.jpeg 768w, https:\/\/luftschloss-dettingen.de\/wp-content\/uploads\/2021\/10\/A74E8E64-745A-4BA7-A6E3-88E721DBD669-1536x536.jpeg 1536w, https:\/\/luftschloss-dettingen.de\/wp-content\/uploads\/2021\/10\/A74E8E64-745A-4BA7-A6E3-88E721DBD669-2048x714.jpeg 2048w\" sizes=\"(max-width: 1024px) 100vw, 1024px\" \/><figcaption>Der Gastraum des Caf\u00e9 Luftschloss<\/figcaption><\/figure>\n\n\n\n<p>Langsam sieht es IM Caf\u00e9 so aus, wie wir es uns vorgestellt haben. Bilder h\u00e4ngen an der Wand (Fotografien, aufgenommen von Maria H\u00e4fele), wir haben ein obergem\u00fctliches Sofa erstanden, das zum \u201eVerhogga\u201c einl\u00e4dt, Spiele bieten einen weiteren Zeitvertreib neben den B\u00fcchern oder Zeitschriften aus der B\u00fccherei. Corona-konform k\u00f6nnen wir 10-14 Personen unterbringen, zus\u00e4tzliche Pl\u00e4tze gibt es auch weiterhin auf den Terrassen (wir haben Decken f\u00fcr Frierkatzen) und auch in der B\u00fccherei. Kinder haben ihren eigenen kleinen Tisch.<\/p>\n","protected":false},"excerpt":{"rendered":"<p>Langsam sieht es IM Caf\u00e9 so aus, wie wir es uns vorgestellt haben. Bilder h\u00e4ngen an der Wand (Fotografien, aufgenommen von Maria H\u00e4fele), wir haben ein obergem\u00fctliches Sofa erstanden, das zum \u201eVerhogga\u201c einl\u00e4dt, Spiele bieten einen weiteren Zeitvertreib neben den B\u00fcchern oder Zeitschriften aus der B\u00fccherei. Corona-konform k\u00f6nnen wir 10-14 Personen unterbringen, zus\u00e4tzliche Pl\u00e4tze gibt&hellip; <a href=\"https:\/\/luftschloss-dettingen.de\/?p=187\" class=\"more-link\">Weiterlesen <span class=\"screen-reader-text\">Innensaison beginnt langsam<\/span><\/a><\/p>\n","protected":false},"author":1,"featured_media":0,"comment_status":"open","ping_status":"open","sticky":false,"template":"","format":"standard","meta":[],"categories":[1],"tags":[],"_links":{"self":[{"href":"https:\/\/luftschloss-dettingen.de\/index.php?rest_route=\/wp\/v2\/posts\/187"}],"collection":[{"href":"https:\/\/luftschloss-dettingen.de\/index.php?rest_route=\/wp\/v2\/posts"}],"about":[{"href":"https:\/\/luftschloss-dettingen.de\/index.php?rest_route=\/wp\/v2\/types\/post"}],"author":[{"embeddable":true,"href":"https:\/\/luftschloss-dettingen.de\/index.php?rest_route=\/wp\/v2\/users\/1"}],"replies":[{"embeddable":true,"href":"https:\/\/luftschloss-dettingen.de\/index.php?rest_route=%2Fwp%2Fv2%2Fcomments&post=187"}],"version-history":[{"count":1,"href":"https:\/\/luftschloss-dettingen.de\/index.php?rest_route=\/wp\/v2\/posts\/187\/revisions"}],"predecessor-version":[{"id":189,"href":"https:\/\/luftschloss-dettingen.de\/index.php?rest_route=\/wp\/v2\/posts\/187\/revisions\/189"}],"wp:attachment":[{"href":"https:\/\/luftschloss-dettingen.de\/index.php?rest_route=%2Fwp%2Fv2%2Fmedia&parent=187"}],"wp:term":[{"taxonomy":"category","embeddable":true,"href":"https:\/\/luftschloss-dettingen.de\/index.php?rest_route=%2Fwp%2Fv2%2Fcategories&post=187"},{"taxonomy":"post_tag","embeddable":true,"href":"https:\/\/luftschloss-dettingen.de\/index.php?rest_route=%2Fwp%2Fv2%2Ftags&post=187"}],"curies":[{"name":"wp","href":"https:\/\/api.w.org\/{rel}","templated":true}]}}