{"id":163,"date":"2021-08-26T13:14:45","date_gmt":"2021-08-26T13:14:45","guid":{"rendered":"https:\/\/luftschloss-dettingen.de\/?p=163"},"modified":"2021-08-26T13:15:41","modified_gmt":"2021-08-26T13:15:41","slug":"makramee-workshop-am-25-9-21-ab-14-uhr","status":"publish","type":"post","link":"https:\/\/luftschloss-dettingen.de\/?p=163","title":{"rendered":"Makramee-Workshop am 25.9.21 ab 14 Uhr"},"content":{"rendered":"\n<figure class=\"wp-block-image size-large\"><img decoding=\"async\" loading=\"lazy\" width=\"768\" height=\"1024\" src=\"https:\/\/luftschloss-dettingen.de\/wp-content\/uploads\/2021\/08\/IMG_2160-768x1024.jpg\" alt=\"\" class=\"wp-image-164\" srcset=\"https:\/\/luftschloss-dettingen.de\/wp-content\/uploads\/2021\/08\/IMG_2160-768x1024.jpg 768w, https:\/\/luftschloss-dettingen.de\/wp-content\/uploads\/2021\/08\/IMG_2160-225x300.jpg 225w, https:\/\/luftschloss-dettingen.de\/wp-content\/uploads\/2021\/08\/IMG_2160-1152x1536.jpg 1152w, https:\/\/luftschloss-dettingen.de\/wp-content\/uploads\/2021\/08\/IMG_2160-1536x2048.jpg 1536w, https:\/\/luftschloss-dettingen.de\/wp-content\/uploads\/2021\/08\/IMG_2160-scaled.jpg 1920w\" sizes=\"(max-width: 768px) 100vw, 768px\" \/><\/figure>\n\n\n\n<p><b>Lass uns starten! Hast du Lust,&nbsp;gemeinsam mit anderen Kreativen ein Windlicht zu kn\u00fcpfen?<\/b><\/p>\n<p>Du erlernst in diesem Workshop die Grundtechniken des Makram\u00e9e und wir kn\u00fcpfen gemeinsam dein erstes Werk, dass du dann mit nach Hause nehmen kannst. Wenn du schon mit den Basisknoten vertraut bist, k\u00f6nnen wir gemeinsam ein gr\u00f6\u00dferes Projekt, wie einen mehrschichtigen Wandbehang, kn\u00fcpfen.<br><b>Kosten: 15\u20ac plus Material<\/b><\/p>\n<p><b>Anmeldung im Caf\u00e9 Luftschloss und in der Ortsb\u00fccherei!<\/b><\/p>\n\n\n\n<p>\u00a0<\/p>\n<p>\u00a0<\/p>\n<p>\u00a0<\/p>\n<p><b>Caf\u00e9 Luftschloss<br \/><\/b>Schulstr. 5 || 73265 Dettingen || Telefon 0\u200970\u200921\u2009.\u2009860\u200944\u200926<br \/>luftschloss-dettingen.de || <a href=\"mailto:cafe@luftschloss-dettingen.de\">cafe@luftschloss-dettingen.de<\/a><\/p>\n\n\n\n<p><strong>Ortsb\u00fccherei Dettingen unter Teck<\/strong><br>Schulstr. 5 || 73265 Dettingen || Telefon 0\u200970\u200921\u2009.\u2009860\u200957\u200966<br><a href=\"mailto:buecherei@dettingen-teck.de\" target=\"_blank\" rel=\"noreferrer noopener\">buecherei@dettingen-teck.de<\/a><\/p>\n","protected":false},"excerpt":{"rendered":"<p>Lass uns starten! Hast du Lust,&nbsp;gemeinsam mit anderen Kreativen ein Windlicht zu kn\u00fcpfen? Du erlernst in diesem Workshop die Grundtechniken des Makram\u00e9e und wir kn\u00fcpfen gemeinsam dein erstes Werk, dass du dann mit nach Hause nehmen kannst. Wenn du schon mit den Basisknoten vertraut bist, k\u00f6nnen wir gemeinsam ein gr\u00f6\u00dferes Projekt, wie einen mehrschichtigen Wandbehang,&hellip; <a href=\"https:\/\/luftschloss-dettingen.de\/?p=163\" class=\"more-link\">Weiterlesen <span class=\"screen-reader-text\">Makramee-Workshop am 25.9.21 ab 14 Uhr<\/span><\/a><\/p>\n","protected":false},"author":1,"featured_media":0,"comment_status":"open","ping_status":"open","sticky":false,"template":"","format":"standard","meta":[],"categories":[1],"tags":[],"_links":{"self":[{"href":"https:\/\/luftschloss-dettingen.de\/index.php?rest_route=\/wp\/v2\/posts\/163"}],"collection":[{"href":"https:\/\/luftschloss-dettingen.de\/index.php?rest_route=\/wp\/v2\/posts"}],"about":[{"href":"https:\/\/luftschloss-dettingen.de\/index.php?rest_route=\/wp\/v2\/types\/post"}],"author":[{"embeddable":true,"href":"https:\/\/luftschloss-dettingen.de\/index.php?rest_route=\/wp\/v2\/users\/1"}],"replies":[{"embeddable":true,"href":"https:\/\/luftschloss-dettingen.de\/index.php?rest_route=%2Fwp%2Fv2%2Fcomments&post=163"}],"version-history":[{"count":2,"href":"https:\/\/luftschloss-dettingen.de\/index.php?rest_route=\/wp\/v2\/posts\/163\/revisions"}],"predecessor-version":[{"id":168,"href":"https:\/\/luftschloss-dettingen.de\/index.php?rest_route=\/wp\/v2\/posts\/163\/revisions\/168"}],"wp:attachment":[{"href":"https:\/\/luftschloss-dettingen.de\/index.php?rest_route=%2Fwp%2Fv2%2Fmedia&parent=163"}],"wp:term":[{"taxonomy":"category","embeddable":true,"href":"https:\/\/luftschloss-dettingen.de\/index.php?rest_route=%2Fwp%2Fv2%2Fcategories&post=163"},{"taxonomy":"post_tag","embeddable":true,"href":"https:\/\/luftschloss-dettingen.de\/index.php?rest_route=%2Fwp%2Fv2%2Ftags&post=163"}],"curies":[{"name":"wp","href":"https:\/\/api.w.org\/{rel}","templated":true}]}}