{"id":139,"date":"2021-07-19T14:40:53","date_gmt":"2021-07-19T14:40:53","guid":{"rendered":"https:\/\/luftschloss-dettingen.de\/?p=139"},"modified":"2021-07-19T14:40:55","modified_gmt":"2021-07-19T14:40:55","slug":"verkaufsoffener-sonntag-am-18-7-2021","status":"publish","type":"post","link":"https:\/\/luftschloss-dettingen.de\/?p=139","title":{"rendered":"Verkaufsoffener Sonntag am 18.7.2021"},"content":{"rendered":"\n<p>Mit leckerem Kuchen, Vorlesestunde im Stundentakt und jeder Menge Eis starteten wir in den Sonntag, ohne zu wissen, was er bringen w\u00fcrde. Es war ein Fest! <\/p>\n\n\n\n<p>Das Vorlesen &#8211; ein voller Erfolg! Drei Mal je zwei Kinderb\u00fccher begeistert aufgenommen von bis zu acht Kindern. <br>Der Kuchen aus dem Allg\u00e4u &#8211; hei\u00df begehrt. <br>Unser Eiskaffee und schokolade &#8211; nahezu den Rahmen gesprengt. <br>Das Eis &#8211; fast ausverkauft.<\/p>\n\n\n\n<p>Man k\u00f6nnte zusammenfassend sagen: Ein voller Erfolg! Danke an alle G\u00e4ste von nah und fern f\u00fcr einen so tollen Tag. Und herzlichen Dank an die B\u00fccherei f\u00fcr die tolle Vorleserunde (die &#8211; SPOILERALARM &#8211; vielleicht bald immer samstags Wiederholung findet).<\/p>\n","protected":false},"excerpt":{"rendered":"<p>Mit leckerem Kuchen, Vorlesestunde im Stundentakt und jeder Menge Eis starteten wir in den Sonntag, ohne zu wissen, was er bringen w\u00fcrde. Es war ein Fest! Das Vorlesen &#8211; ein voller Erfolg! Drei Mal je zwei Kinderb\u00fccher begeistert aufgenommen von bis zu acht Kindern. Der Kuchen aus dem Allg\u00e4u &#8211; hei\u00df begehrt. Unser Eiskaffee und&hellip; <a href=\"https:\/\/luftschloss-dettingen.de\/?p=139\" class=\"more-link\">Weiterlesen <span class=\"screen-reader-text\">Verkaufsoffener Sonntag am 18.7.2021<\/span><\/a><\/p>\n","protected":false},"author":1,"featured_media":0,"comment_status":"open","ping_status":"open","sticky":false,"template":"","format":"standard","meta":[],"categories":[1],"tags":[],"_links":{"self":[{"href":"https:\/\/luftschloss-dettingen.de\/index.php?rest_route=\/wp\/v2\/posts\/139"}],"collection":[{"href":"https:\/\/luftschloss-dettingen.de\/index.php?rest_route=\/wp\/v2\/posts"}],"about":[{"href":"https:\/\/luftschloss-dettingen.de\/index.php?rest_route=\/wp\/v2\/types\/post"}],"author":[{"embeddable":true,"href":"https:\/\/luftschloss-dettingen.de\/index.php?rest_route=\/wp\/v2\/users\/1"}],"replies":[{"embeddable":true,"href":"https:\/\/luftschloss-dettingen.de\/index.php?rest_route=%2Fwp%2Fv2%2Fcomments&post=139"}],"version-history":[{"count":1,"href":"https:\/\/luftschloss-dettingen.de\/index.php?rest_route=\/wp\/v2\/posts\/139\/revisions"}],"predecessor-version":[{"id":140,"href":"https:\/\/luftschloss-dettingen.de\/index.php?rest_route=\/wp\/v2\/posts\/139\/revisions\/140"}],"wp:attachment":[{"href":"https:\/\/luftschloss-dettingen.de\/index.php?rest_route=%2Fwp%2Fv2%2Fmedia&parent=139"}],"wp:term":[{"taxonomy":"category","embeddable":true,"href":"https:\/\/luftschloss-dettingen.de\/index.php?rest_route=%2Fwp%2Fv2%2Fcategories&post=139"},{"taxonomy":"post_tag","embeddable":true,"href":"https:\/\/luftschloss-dettingen.de\/index.php?rest_route=%2Fwp%2Fv2%2Ftags&post=139"}],"curies":[{"name":"wp","href":"https:\/\/api.w.org\/{rel}","templated":true}]}}