{"id":133,"date":"2021-07-15T16:00:12","date_gmt":"2021-07-15T16:00:12","guid":{"rendered":"https:\/\/luftschloss-dettingen.de\/?p=133"},"modified":"2021-07-15T16:01:32","modified_gmt":"2021-07-15T16:01:32","slug":"fruehstueck-ist-fertig","status":"publish","type":"post","link":"https:\/\/luftschloss-dettingen.de\/?p=133","title":{"rendered":"Fr\u00fchst\u00fcck ist fertig"},"content":{"rendered":"\n<p>Am Mittwoch hatten wir Premiere: Vier G\u00e4ste haben ein individuelles Fr\u00fchst\u00fcck vorbestellt. Die G\u00e4ste gingen gl\u00fccklich nach Hause, die Wirtin blieb stolz zur\u00fcck, so darfs weitergehen.<\/p>\n\n\n\n<p>Ein solches Fr\u00fchst\u00fcck ist nur mit Voranmeldung m\u00f6glich, dazu gern anrufen, eine Email an <a rel=\"noreferrer noopener\" href=\"mailto:cafe@luftschloss-dettingen.de\" data-type=\"URL\" data-id=\"Mailto:cafe@luftschloss-dettingen.de\" target=\"_blank\">cafe@luftschloss-dettingen.de<\/a> schreiben oder vorbei kommen. Wunschfr\u00fchst\u00fcck zusammenstellen, Preis vereinbaren, Termin ausmachen &#8211; gl\u00fccklich fr\u00fchst\u00fccken. Zur Info: Alle Lebensmittel sind so m\u00f6glich regional und bio. Wir freuen uns auf Sie!<\/p>\n\n\n\n<p>Hier ein paar Impressionen:<\/p>\n\n\n\n<figure class=\"wp-block-image size-large\"><img decoding=\"async\" loading=\"lazy\" width=\"768\" height=\"1024\" src=\"https:\/\/luftschloss-dettingen.de\/wp-content\/uploads\/2021\/07\/4E9D58E5-2EFB-4DBF-8122-5D52AF9456E3-768x1024.jpeg\" alt=\"\" class=\"wp-image-134\" srcset=\"https:\/\/luftschloss-dettingen.de\/wp-content\/uploads\/2021\/07\/4E9D58E5-2EFB-4DBF-8122-5D52AF9456E3-768x1024.jpeg 768w, https:\/\/luftschloss-dettingen.de\/wp-content\/uploads\/2021\/07\/4E9D58E5-2EFB-4DBF-8122-5D52AF9456E3-225x300.jpeg 225w, https:\/\/luftschloss-dettingen.de\/wp-content\/uploads\/2021\/07\/4E9D58E5-2EFB-4DBF-8122-5D52AF9456E3-1152x1536.jpeg 1152w, https:\/\/luftschloss-dettingen.de\/wp-content\/uploads\/2021\/07\/4E9D58E5-2EFB-4DBF-8122-5D52AF9456E3-1536x2048.jpeg 1536w, https:\/\/luftschloss-dettingen.de\/wp-content\/uploads\/2021\/07\/4E9D58E5-2EFB-4DBF-8122-5D52AF9456E3-scaled.jpeg 1920w\" sizes=\"(max-width: 768px) 100vw, 768px\" \/><figcaption>In the making\u2026.<\/figcaption><\/figure>\n\n\n\n<figure class=\"wp-block-image size-large\"><img decoding=\"async\" loading=\"lazy\" width=\"1024\" height=\"768\" src=\"https:\/\/luftschloss-dettingen.de\/wp-content\/uploads\/2021\/07\/4C52ACDB-C9AF-4F15-A6C8-057498763E55-1024x768.jpeg\" alt=\"\" class=\"wp-image-135\" srcset=\"https:\/\/luftschloss-dettingen.de\/wp-content\/uploads\/2021\/07\/4C52ACDB-C9AF-4F15-A6C8-057498763E55-1024x768.jpeg 1024w, https:\/\/luftschloss-dettingen.de\/wp-content\/uploads\/2021\/07\/4C52ACDB-C9AF-4F15-A6C8-057498763E55-300x225.jpeg 300w, https:\/\/luftschloss-dettingen.de\/wp-content\/uploads\/2021\/07\/4C52ACDB-C9AF-4F15-A6C8-057498763E55-768x576.jpeg 768w, https:\/\/luftschloss-dettingen.de\/wp-content\/uploads\/2021\/07\/4C52ACDB-C9AF-4F15-A6C8-057498763E55-1536x1152.jpeg 1536w, https:\/\/luftschloss-dettingen.de\/wp-content\/uploads\/2021\/07\/4C52ACDB-C9AF-4F15-A6C8-057498763E55-2048x1536.jpeg 2048w\" sizes=\"(max-width: 1024px) 100vw, 1024px\" \/><figcaption>Erster Eindruck vom B\u00fcffet<\/figcaption><\/figure>\n\n\n\n<p>  <\/p>\n","protected":false},"excerpt":{"rendered":"<p>Am Mittwoch hatten wir Premiere: Vier G\u00e4ste haben ein individuelles Fr\u00fchst\u00fcck vorbestellt. Die G\u00e4ste gingen gl\u00fccklich nach Hause, die Wirtin blieb stolz zur\u00fcck, so darfs weitergehen. Ein solches Fr\u00fchst\u00fcck ist nur mit Voranmeldung m\u00f6glich, dazu gern anrufen, eine Email an cafe@luftschloss-dettingen.de schreiben oder vorbei kommen. Wunschfr\u00fchst\u00fcck zusammenstellen, Preis vereinbaren, Termin ausmachen &#8211; gl\u00fccklich fr\u00fchst\u00fccken. Zur&hellip; <a href=\"https:\/\/luftschloss-dettingen.de\/?p=133\" class=\"more-link\">Weiterlesen <span class=\"screen-reader-text\">Fr\u00fchst\u00fcck ist fertig<\/span><\/a><\/p>\n","protected":false},"author":1,"featured_media":0,"comment_status":"open","ping_status":"open","sticky":false,"template":"","format":"standard","meta":[],"categories":[1],"tags":[],"_links":{"self":[{"href":"https:\/\/luftschloss-dettingen.de\/index.php?rest_route=\/wp\/v2\/posts\/133"}],"collection":[{"href":"https:\/\/luftschloss-dettingen.de\/index.php?rest_route=\/wp\/v2\/posts"}],"about":[{"href":"https:\/\/luftschloss-dettingen.de\/index.php?rest_route=\/wp\/v2\/types\/post"}],"author":[{"embeddable":true,"href":"https:\/\/luftschloss-dettingen.de\/index.php?rest_route=\/wp\/v2\/users\/1"}],"replies":[{"embeddable":true,"href":"https:\/\/luftschloss-dettingen.de\/index.php?rest_route=%2Fwp%2Fv2%2Fcomments&post=133"}],"version-history":[{"count":2,"href":"https:\/\/luftschloss-dettingen.de\/index.php?rest_route=\/wp\/v2\/posts\/133\/revisions"}],"predecessor-version":[{"id":138,"href":"https:\/\/luftschloss-dettingen.de\/index.php?rest_route=\/wp\/v2\/posts\/133\/revisions\/138"}],"wp:attachment":[{"href":"https:\/\/luftschloss-dettingen.de\/index.php?rest_route=%2Fwp%2Fv2%2Fmedia&parent=133"}],"wp:term":[{"taxonomy":"category","embeddable":true,"href":"https:\/\/luftschloss-dettingen.de\/index.php?rest_route=%2Fwp%2Fv2%2Fcategories&post=133"},{"taxonomy":"post_tag","embeddable":true,"href":"https:\/\/luftschloss-dettingen.de\/index.php?rest_route=%2Fwp%2Fv2%2Ftags&post=133"}],"curies":[{"name":"wp","href":"https:\/\/api.w.org\/{rel}","templated":true}]}}